{"id":19901,"date":"2012-04-17T00:00:00","date_gmt":"2012-04-17T03:00:00","guid":{"rendered":"https:\/\/www.cnbb.org.br\/nota-oficial-sobre-o-julgamento-da-titulacao-das-terras-quilombolas\/"},"modified":"2012-04-17T00:00:00","modified_gmt":"2012-04-17T03:00:00","slug":"nota-oficial-sobre-o-julgamento-da-titulacao-das-terras-quilombolas","status":"publish","type":"post","link":"https:\/\/www.cnbb.org.br\/nota-oficial-sobre-o-julgamento-da-titulacao-das-terras-quilombolas\/","title":{"rendered":"Nota oficial sobre o julgamento da titula\u00e7\u00e3o das terras quilombolas"},"content":{"rendered":"<div style=\"text-align: justify\">\u201cA garantia da propriedade das terras secularmente ocupadas por eles \u00e9 dever constitucional e compromisso \u00e9tico-moral\u201d. Desta forma, a presid\u00eancia da Confer\u00eancia Nacional dos Bispos do Brasil se manifestou por meio de nota nesta ter\u00e7a-feira, 17\/04, a respeito do julgamento que ser\u00e1 realizado pelo Supremo Tribunal Federal quanto \u00e0 titula\u00e7\u00e3o de terras quilombolas pela Uni\u00e3o.<\/div>\n<p><!--more--><\/p>\n<div style=\"text-align: justify\">\nA Confer\u00eancia recorda no documento que os artigos 215 e 216 da Constitui\u00e7\u00e3o Federal asseguram aos quilombolas o direito \u00e0 preserva\u00e7\u00e3o da pr\u00f3pria cultura e do seu patrim\u00f4nio imaterial.<\/p>\n<p>Confira, a seguir, a \u00edntegra da declara\u00e7\u00e3o:<\/p>\n<div style=\"text-align: center\"><strong>Nota Sobre as Comunidades Quilombolas<br \/>\n<\/strong><\/div>\n<p>Diante do iminente julgamento, pelo Supremo Tribunal Federal (STF), da A\u00e7\u00e3o Direta de Inconstitucionalidade, que questiona a titula\u00e7\u00e3o de terras quilombolas pela Uni\u00e3o, como determina o Decreto 4887\/2003, a Confer\u00eancia Nacional dos Bispos do Brasil vem ratificar seu apoio \u00e0 manuten\u00e7\u00e3o do referido Decreto, assegurando o atual processo de reconhecimento, demarca\u00e7\u00e3o e titula\u00e7\u00e3o das terras quilombolas.<\/p><\/div>\n<div style=\"text-align: justify\">\nO Brasil tem uma d\u00edvida hist\u00f3rica para com a popula\u00e7\u00e3o afro-brasileira, da qual muitos s\u00e3o remanescentes de quilombos. A garantia da propriedade das terras secularmente ocupadas por eles \u00e9 dever constitucional e compromisso \u00e9tico-moral.\u00a0 Os Quilombos s\u00e3o de vital import\u00e2ncia na estrutura\u00e7\u00e3o da cultura brasileira. S\u00e3o espa\u00e7o do cultivo da terra para a sobreviv\u00eancia e tamb\u00e9m da continuidade de um modo de vida original, rico e diverso, reconhecido mundialmente.<\/div>\n<div style=\"text-align: justify\">\nOs artigos 215 e 216 da Constitui\u00e7\u00e3o Federal asseguram aos quilombolas o direito \u00e0 preserva\u00e7\u00e3o da pr\u00f3pria cultura e do seu patrim\u00f4nio imaterial. A garantia constitucional do reconhecimento de seus territ\u00f3rios \u00e9, portanto, fundamental para a manuten\u00e7\u00e3o desta trajet\u00f3ria de resist\u00eancia.\u00a0 Acrescente-se, ainda, que o disposto no artigo 68 do Ato das Disposi\u00e7\u00f5es Constitucionais Transit\u00f3rias determina que cabe ao Estado garantir a propriedade dos ocupantes das terras remanescentes dos quilombos.<\/div>\n<div style=\"text-align: justify\">\nA CNBB, fundada na norma constitucional, insiste no respeito a estes dispositivos legais que garantem a tradi\u00e7\u00e3o quilombola ligada \u00e0 posse e a propriedade da terra. Os territ\u00f3rios quilombolas sustentam a mem\u00f3ria cultural, a identidade \u00e9tnica e s\u00e3o o principio de uma exist\u00eancia cidad\u00e3.<\/div>\n<div style=\"text-align: justify\">\nNa fidelidade \u00e0 op\u00e7\u00e3o evang\u00e9lica e preferencial pelos pobres, a CNBB coloca-se, mais uma vez, ao lado das comunidades Quilombolas para as quais pede especial prote\u00e7\u00e3o e b\u00ean\u00e7\u00e3o de Nossa Senhora Aparecida, padroeira e m\u00e3e de todos os brasileiros.<\/p>\n<div style=\"text-align: center\"><strong>Cardeal Dom Raymundo Damasceno Assis<\/strong><br \/>\n<strong><em>Arcebispo de Aparecida<br \/>\nPresidente da CNBB<\/em><\/strong><\/div>\n<\/div>\n","protected":false},"excerpt":{"rendered":"<p>\u201cA garantia da propriedade das terras secularmente ocupadas por eles \u00e9 dever constitucional e compromisso \u00e9tico-moral\u201d. Desta forma, a presid\u00eancia da Confer\u00eancia Nacional dos Bispos do Brasil se manifestou por meio de nota nesta ter\u00e7a-feira, 17\/04, a respeito do julgamento que ser\u00e1 realizado pelo Supremo Tribunal Federal quanto \u00e0 titula\u00e7\u00e3o de terras quilombolas pela Uni\u00e3o.<\/p>\n","protected":false},"author":83,"featured_media":6771,"comment_status":"open","ping_status":"open","sticky":false,"template":"","format":"standard","meta":{"site-sidebar-layout":"default","site-content-layout":"default","ast-global-header-display":"","ast-banner-title-visibility":"","ast-main-header-display":"","ast-hfb-above-header-display":"","ast-hfb-below-header-display":"","ast-hfb-mobile-header-display":"","site-post-title":"","ast-breadcrumbs-content":"","ast-featured-img":"","footer-sml-layout":"","theme-transparent-header-meta":"","adv-header-id-meta":"","stick-header-meta":"","header-above-stick-meta":"","header-main-stick-meta":"","header-below-stick-meta":""},"categories":[783],"tags":[],"acf":[],"_links":{"self":[{"href":"https:\/\/www.cnbb.org.br\/cnbb-app\/wp\/v2\/posts\/19901"}],"collection":[{"href":"https:\/\/www.cnbb.org.br\/cnbb-app\/wp\/v2\/posts"}],"about":[{"href":"https:\/\/www.cnbb.org.br\/cnbb-app\/wp\/v2\/types\/post"}],"author":[{"embeddable":true,"href":"https:\/\/www.cnbb.org.br\/cnbb-app\/wp\/v2\/users\/83"}],"replies":[{"embeddable":true,"href":"https:\/\/www.cnbb.org.br\/cnbb-app\/wp\/v2\/comments?post=19901"}],"version-history":[{"count":0,"href":"https:\/\/www.cnbb.org.br\/cnbb-app\/wp\/v2\/posts\/19901\/revisions"}],"wp:featuredmedia":[{"embeddable":true,"href":"https:\/\/www.cnbb.org.br\/cnbb-app\/wp\/v2\/media\/6771"}],"wp:attachment":[{"href":"https:\/\/www.cnbb.org.br\/cnbb-app\/wp\/v2\/media?parent=19901"}],"wp:term":[{"taxonomy":"category","embeddable":true,"href":"https:\/\/www.cnbb.org.br\/cnbb-app\/wp\/v2\/categories?post=19901"},{"taxonomy":"post_tag","embeddable":true,"href":"https:\/\/www.cnbb.org.br\/cnbb-app\/wp\/v2\/tags?post=19901"}],"curies":[{"name":"wp","href":"https:\/\/api.w.org\/{rel}","templated":true}]}}