{"id":19908,"date":"2012-07-14T00:00:00","date_gmt":"2012-07-14T03:00:00","guid":{"rendered":"https:\/\/www.cnbb.org.br\/divulgada-oracao-oficial-da-jmj-rio-2013\/"},"modified":"2012-07-14T00:00:00","modified_gmt":"2012-07-14T03:00:00","slug":"divulgada-oracao-oficial-da-jmj-rio-2013","status":"publish","type":"post","link":"https:\/\/www.cnbb.org.br\/divulgada-oracao-oficial-da-jmj-rio-2013\/","title":{"rendered":"Divulgada ora\u00e7\u00e3o oficial da JMJ Rio 2013"},"content":{"rendered":"<div style=\"text-align: justify\">O Comit\u00ea Organizador Local da Jornada Mundial da Juventude Rio 2013 divulgou na noite desta sexta-feira, 13 de julho, a ora\u00e7\u00e3o oficial da Jornada. A divulga\u00e7\u00e3o aconteceu depois da adora\u00e7\u00e3o eucar\u00edstica e durante a missa presidida pelo arcebispo do Rio de Janeiro, dom Orani Tempesta, para iniciar as atividades que marcam a contagem regressiva de um ano antes do grande evento de julho de 2013.<\/div>\n<p><!--more--><\/p>\n<div style=\"text-align: justify\">\nA seguir, o texto da ora\u00e7\u00e3o, na \u00edntegra:<\/p>\n<div style=\"text-align: center\"><strong>Ora\u00e7\u00e3o Oficial da Jornada Mundial da Juventude Rio 2013<br \/>\n<\/strong><\/div>\n<p><em>\u00d3 Pai, enviaste o Teu Filho Eterno para salvar o mundo e escolheste homens e mulheres para que, por Ele, com Ele e nEle, proclamassem a Boa-Nova a todas as na\u00e7\u00f5es. Concede-nos as gra\u00e7as necess\u00e1rias para que brilhe no rosto de todos os jovens a alegria de serem, pela for\u00e7a do Esp\u00edrito, os evangelizadores de que a Igreja precisa no Terceiro Mil\u00eanio.<\/p>\n<p>\u00d3 Cristo, Redentor da humanidade, Tua imagem de bra\u00e7os abertos no alto do Corcovado acolhe todos os povos. Em Tua oferta pascal, nos conduziste pelo Esp\u00edrito Santo ao encontro filial com o Pai. Os jovens, que se alimentam da Eucaristia, Te ouvem na palavra e Te encontram no irm\u00e3o, necessitam de Tua infinita miseric\u00f3rdia para percorrer os caminhos do mundo como disc\u00edpulos-mission\u00e1rios da nova evangeliza\u00e7\u00e3o.<\/p>\n<p>\u00d3 Esp\u00edrito Santo, Amor do Pai e do Filho, com o Esplendor da Tua Verdade e com o fogo do Teu Amor, envia Tua Luz sobre todos os jovens para que, impulsionados pela Jornada Mundial da Juventude, levem aos quatro cantos do mundo a f\u00e9, a esperan\u00e7a e a caridade, tornando-se grandes construtores da cultura da vida e da paz e os protagonistas de um mundo novo.<\/p>\n<p>Am\u00e9m!<\/em><\/div>\n","protected":false},"excerpt":{"rendered":"<p>O Comit\u00ea Organizador Local da Jornada Mundial da Juventude Rio 2013 divulgou na noite desta sexta-feira, 13 de julho, a ora\u00e7\u00e3o oficial da Jornada. A divulga\u00e7\u00e3o aconteceu depois da adora\u00e7\u00e3o eucar\u00edstica e durante a missa presidida pelo arcebispo do Rio de Janeiro, dom Orani Tempesta, para iniciar as atividades que marcam a contagem regressiva de &hellip;<\/p>\n<p class=\"read-more\"> <a class=\"\" href=\"https:\/\/www.cnbb.org.br\/divulgada-oracao-oficial-da-jmj-rio-2013\/\"> <span class=\"screen-reader-text\">Divulgada ora\u00e7\u00e3o oficial da JMJ Rio 2013<\/span> Leia mais &raquo;<\/a><\/p>\n","protected":false},"author":83,"featured_media":10249,"comment_status":"open","ping_status":"open","sticky":false,"template":"","format":"standard","meta":{"site-sidebar-layout":"default","site-content-layout":"default","ast-global-header-display":"","ast-banner-title-visibility":"","ast-main-header-display":"","ast-hfb-above-header-display":"","ast-hfb-below-header-display":"","ast-hfb-mobile-header-display":"","site-post-title":"","ast-breadcrumbs-content":"","ast-featured-img":"","footer-sml-layout":"","theme-transparent-header-meta":"","adv-header-id-meta":"","stick-header-meta":"","header-above-stick-meta":"","header-main-stick-meta":"","header-below-stick-meta":""},"categories":[783],"tags":[],"acf":[],"_links":{"self":[{"href":"https:\/\/www.cnbb.org.br\/cnbb-app\/wp\/v2\/posts\/19908"}],"collection":[{"href":"https:\/\/www.cnbb.org.br\/cnbb-app\/wp\/v2\/posts"}],"about":[{"href":"https:\/\/www.cnbb.org.br\/cnbb-app\/wp\/v2\/types\/post"}],"author":[{"embeddable":true,"href":"https:\/\/www.cnbb.org.br\/cnbb-app\/wp\/v2\/users\/83"}],"replies":[{"embeddable":true,"href":"https:\/\/www.cnbb.org.br\/cnbb-app\/wp\/v2\/comments?post=19908"}],"version-history":[{"count":0,"href":"https:\/\/www.cnbb.org.br\/cnbb-app\/wp\/v2\/posts\/19908\/revisions"}],"wp:featuredmedia":[{"embeddable":true,"href":"https:\/\/www.cnbb.org.br\/cnbb-app\/wp\/v2\/media\/10249"}],"wp:attachment":[{"href":"https:\/\/www.cnbb.org.br\/cnbb-app\/wp\/v2\/media?parent=19908"}],"wp:term":[{"taxonomy":"category","embeddable":true,"href":"https:\/\/www.cnbb.org.br\/cnbb-app\/wp\/v2\/categories?post=19908"},{"taxonomy":"post_tag","embeddable":true,"href":"https:\/\/www.cnbb.org.br\/cnbb-app\/wp\/v2\/tags?post=19908"}],"curies":[{"name":"wp","href":"https:\/\/api.w.org\/{rel}","templated":true}]}}