{"id":19915,"date":"2013-02-11T00:00:00","date_gmt":"2013-02-11T02:00:00","guid":{"rendered":"https:\/\/www.cnbb.org.br\/nota-oficial-da-cnbb-sobre-anuncio-da-renuncia-de-bento-xvi\/"},"modified":"2013-02-11T00:00:00","modified_gmt":"2013-02-11T02:00:00","slug":"nota-oficial-da-cnbb-sobre-anuncio-da-renuncia-de-bento-xvi","status":"publish","type":"post","link":"https:\/\/www.cnbb.org.br\/nota-oficial-da-cnbb-sobre-anuncio-da-renuncia-de-bento-xvi\/","title":{"rendered":"Nota Oficial da CNBB sobre an\u00fancio da ren\u00fancia de Bento XVI"},"content":{"rendered":"<p style=\"text-align: justify\">A Confer\u00eancia Nacional dos Bispos do Brasil (CNBB) divulgou nota na tarde desta segunda-feira, 11 de fevereiro, sobre o an\u00fancio da ren\u00fancia do papa Bento XVI feito na manh\u00e3 de hoje. A seguir, a \u00edntegra da nota:<\/p>\n<p><!--more--><\/p>\n<p style=\"text-align: right\">Bras\u00edlia, 11 de fevereiro de 2013<br \/>\nP. N\u00ba 0052\/13<\/p>\n<p style=\"text-align: right\"><em>\u201cTu \u00e9s Pedro e sobre esta pedra edificarei minha Igreja\u201d (Mt 16,18)<\/em><\/p>\n<p style=\"text-align: justify\">\nA Confer\u00eancia Nacional dos Bispos do Brasil-CNBB recebe com surpresa, como todo o mundo, o an\u00fancio feito pelo Santo Padre Bento XVI de sua ren\u00fancia \u00e0 S\u00e9 de Pedro, que ficar\u00e1 vacante a partir do dia 28 de fevereiro pr\u00f3ximo. Acolhemos com amor filial as raz\u00f5es apresentadas por Sua Santidade, sinal de sua humildade e grandeza, que caracterizaram os oito anos de seu pontificado.<\/p>\n<p style=\"text-align: justify\">Te\u00f3logo brilhante, Bento XVI entrar\u00e1 para a hist\u00f3ria como o \u201cPapa do amor\u201d e o \u201cPapa do Deus Pequeno\u201d, que fez do Reino de Deus e da Igreja a raz\u00e3o de sua vida e de seu minist\u00e9rio. O curto per\u00edodo de seu pontificado foi suficiente para ajudar a Igreja a intensificar a busca da unidade dos crist\u00e3os e das religi\u00f5es atrav\u00e9s de um eficaz di\u00e1logo ecum\u00eanico e inter-religioso, bem como para chamar a aten\u00e7\u00e3o do mundo para a necessidade de voltar-se ao Deus criador e Senhor da vida.<\/p>\n<p style=\"text-align: justify\">A CNBB \u00e9 grata a Sua Santidade pelo carinho e apre\u00e7o que sempre manifestou para com a Igreja no Brasil. A sua primeira visita intercontinental, feita ao nosso Pa\u00eds em 2007, para inaugurar a V Confer\u00eancia Geral do Episcopado da Am\u00e9rica Latina e do Caribe, e, tamb\u00e9m, a escolha do Rio de Janeiro para sediar a Jornada Mundial da Juventude, no pr\u00f3ximo m\u00eas de julho, s\u00e3o uma prova do quanto trazia no cora\u00e7\u00e3o o povo brasileiro.<\/p>\n<p style=\"text-align: justify\">Agradecemos a Deus o dom do minist\u00e9rio de Sua Santidade Bento XVI a quem continuaremos unidos na comunh\u00e3o fraterna, assegurando-lhe nossas preces.<\/p>\n<p style=\"text-align: justify\">\nConclamamos a Igreja no Brasil a acompanhar com ora\u00e7\u00e3o e serenidade o leg\u00edtimo processo de elei\u00e7\u00e3o do sucessor de Bento XVI. Confiamos na assist\u00eancia do Esp\u00edrito Santo e na prote\u00e7\u00e3o de Nossa Senhora Aparecida, neste momento singular da vida da Igreja de Cristo.<\/p>\n<p style=\"text-align: center\"><em><strong>Dom Raymundo Damasceno Assis<\/strong><\/em><br \/>\n<em><strong>Arcebispo de Aparecida<\/strong><\/em><br \/>\n<em><strong>Presidente da CNBB<\/strong><\/em><\/p>\n<p style=\"text-align: center\"><em><strong>Dom Jos\u00e9 Belis\u00e1rio da Silva<\/strong><\/em><br \/>\n<em><strong>Arcebispo de S\u00e3o Lu\u00eds<\/strong><\/em><br \/>\n<em><strong>Vice-presidente da CNBB<\/strong><\/em><\/p>\n<p style=\"text-align: center\"><em><strong>Dom Leonardo Ulrich Steiner<\/strong><\/em><br \/>\n<em><strong>Bispo Auxiliar de Bras\u00edlia<\/strong><\/em><br \/>\n<em><strong>Secret\u00e1rio Geral da CNBB<\/strong><\/em><\/p>\n","protected":false},"excerpt":{"rendered":"<p>A Confer\u00eancia Nacional dos Bispos do Brasil (CNBB) divulgou nota na tarde desta segunda-feira, 11 de fevereiro, sobre o an\u00fancio da ren\u00fancia do papa Bento XVI feito na manh\u00e3 de hoje. A seguir, a \u00edntegra da nota:<\/p>\n","protected":false},"author":83,"featured_media":13486,"comment_status":"open","ping_status":"open","sticky":false,"template":"","format":"standard","meta":{"site-sidebar-layout":"default","site-content-layout":"default","ast-global-header-display":"","ast-banner-title-visibility":"","ast-main-header-display":"","ast-hfb-above-header-display":"","ast-hfb-below-header-display":"","ast-hfb-mobile-header-display":"","site-post-title":"","ast-breadcrumbs-content":"","ast-featured-img":"","footer-sml-layout":"","theme-transparent-header-meta":"","adv-header-id-meta":"","stick-header-meta":"","header-above-stick-meta":"","header-main-stick-meta":"","header-below-stick-meta":""},"categories":[783],"tags":[],"acf":[],"_links":{"self":[{"href":"https:\/\/www.cnbb.org.br\/cnbb-app\/wp\/v2\/posts\/19915"}],"collection":[{"href":"https:\/\/www.cnbb.org.br\/cnbb-app\/wp\/v2\/posts"}],"about":[{"href":"https:\/\/www.cnbb.org.br\/cnbb-app\/wp\/v2\/types\/post"}],"author":[{"embeddable":true,"href":"https:\/\/www.cnbb.org.br\/cnbb-app\/wp\/v2\/users\/83"}],"replies":[{"embeddable":true,"href":"https:\/\/www.cnbb.org.br\/cnbb-app\/wp\/v2\/comments?post=19915"}],"version-history":[{"count":0,"href":"https:\/\/www.cnbb.org.br\/cnbb-app\/wp\/v2\/posts\/19915\/revisions"}],"wp:featuredmedia":[{"embeddable":true,"href":"https:\/\/www.cnbb.org.br\/cnbb-app\/wp\/v2\/media\/13486"}],"wp:attachment":[{"href":"https:\/\/www.cnbb.org.br\/cnbb-app\/wp\/v2\/media?parent=19915"}],"wp:term":[{"taxonomy":"category","embeddable":true,"href":"https:\/\/www.cnbb.org.br\/cnbb-app\/wp\/v2\/categories?post=19915"},{"taxonomy":"post_tag","embeddable":true,"href":"https:\/\/www.cnbb.org.br\/cnbb-app\/wp\/v2\/tags?post=19915"}],"curies":[{"name":"wp","href":"https:\/\/api.w.org\/{rel}","templated":true}]}}