{"id":19924,"date":"2013-05-03T00:00:00","date_gmt":"2013-05-03T03:00:00","guid":{"rendered":"https:\/\/www.cnbb.org.br\/nota-oficial-da-cnbb-sobre-a-beatificacao-de-nha-chica\/"},"modified":"2013-05-03T00:00:00","modified_gmt":"2013-05-03T03:00:00","slug":"nota-oficial-da-cnbb-sobre-a-beatificacao-de-nha-chica","status":"publish","type":"post","link":"https:\/\/www.cnbb.org.br\/nota-oficial-da-cnbb-sobre-a-beatificacao-de-nha-chica\/","title":{"rendered":"Nota Oficial da CNBB sobre a Beatifica\u00e7\u00e3o de Nh\u00e1 Chica"},"content":{"rendered":"<p style=\"text-align: justify\">A Confer\u00eancia Nacional dos Bispos do Brasil (CNBB) publica nota sobre a beatifica\u00e7\u00e3o de Francisca de Paula de Jesus, conhecida como Nh\u00e1 Chica. No texto, a entidade destaca que &#8220;o reconhecimento pela Igreja da santidade de Nh\u00e1 Chica, passado pouco mais de cem anos de sua morte, confirma a import\u00e2ncia de se colocar em relevo o exemplo de sua vida de fidelidade a Cristo e ao seu Evangelho&#8221;.<\/p>\n<p><!--more--><\/p>\n<p>A seguir, a \u00edntegra do texto:<\/p>\n<p style=\"text-align: center\"><strong>Nota Oficial da CNBB sobre a Beatifica\u00e7\u00e3o de Nh\u00e1 Chica<\/strong><\/p>\n<p style=\"text-align: center\"><strong>\u00a0<\/strong><\/p>\n<p style=\"text-align: right\">Bras\u00edlia, 2 de maio de 2013<\/p>\n<p style=\"text-align: justify\">\n<p style=\"text-align: justify\">A Confer\u00eancia Nacional dos Bispos do Brasil, com toda a Igreja, louva e bendiz a Deus pela Beatifica\u00e7\u00e3o de Francisca de Paula de Jesus, carinhosamente chamada pelo povo de Nh\u00e1 Chica, neste s\u00e1bado, 4 de maio de 2013, na cidade mineira de Baependi. O reconhecimento pela Igreja da santidade de Nh\u00e1 Chica, passado pouco mais de cem anos de sua morte, confirma a import\u00e2ncia de se colocar em relevo o exemplo de sua vida de fidelidade a Cristo e ao seu Evangelho.<\/p>\n<p style=\"text-align: justify\">A Beatifica\u00e7\u00e3o de Nh\u00e1 Chica \u00e9 uma mensagem de extraordin\u00e1rio significado e import\u00e2ncia para nossa Igreja. Filha e neta de escravos, analfabeta, \u00f3rf\u00e3 ainda crian\u00e7a, viveu no escondimento, na pobreza e na simplicidade. Devota de Nossa Senhora da Concei\u00e7\u00e3o, consagrou seu tempo e consumiu sua vida, como leiga que testemunha a f\u00e9, servindo \u00e0s pessoas, especialmente na nobre tarefa de escutar e aconselhar. Seu cuidado com os mais pobres rendeu-lhe o belo t\u00edtulo de \u201cM\u00e3e dos pobres\u201d. Aos que lhe atribu\u00edam favores especiais, respondia com a verdade de quem cr\u00ea: \u201cIsso acontece porque rezo com f\u00e9\u201d.<\/p>\n<p style=\"text-align: justify\">A biografia de Nh\u00e1 Chica revela sua vida de intimidade com Deus e nos estimula a buscar o ideal proposto por Cristo, como nos lembra S\u00e3o Paulo: \u201cA vontade de Deus \u00e9 esta: a vossa santifica\u00e7\u00e3o\u201d (1Ts 4,3). O testemunho de nossa mais nova Beata torna-se, portanto, convite irrecus\u00e1vel a viver intensamente o encontro com Jesus Cristo que \u201cimplica necessariamente amor, gratuidade, alteridade, unidade, eclesialidade, fidelidade, perd\u00e3o e reconcilia\u00e7\u00e3o\u201d e leva cada disc\u00edpulo-mission\u00e1rio a se tornar \u201cfonte de paz, justi\u00e7a, conc\u00f3rdia e solidariedade\u201d (cf. DGAE, 16).<\/p>\n<p style=\"text-align: justify\">Saudamos e agradecemos \u00e0 Diocese de Campanha e a todos que se dedicam \u00e0 causa de canoniza\u00e7\u00e3o de Nh\u00e1 Chica, bem como ao Prefeito da Congrega\u00e7\u00e3o para a Causa dos Santos, Cardeal Angelo Amato, por presidir a cerim\u00f4nia de beatifica\u00e7\u00e3o desta Serva de Deus.<\/p>\n<p style=\"text-align: justify\">Que a Beata Nh\u00e1 Chica alcance de Deus gra\u00e7as e b\u00ean\u00e7\u00e3os para todo o povo brasileiro e nos ensine a trilhar o caminho da santidade, vivendo na simplicidade e na pobreza evang\u00e9licas.<\/p>\n<p style=\"text-align: center\">\n<strong>Raymundo Damasceno Assis<\/strong><br \/>\n<em>Cardeal arcebispo de Aparecida (SP)<\/em><br \/>\n<em>Presidente<\/em><\/p>\n<p style=\"text-align: center\"><strong>Jos\u00e9 Belis\u00e1rio da Silva<\/strong><br \/>\n<em>Arcebispo de S\u00e3o Luis (MA)<\/em><br \/>\n<em>Vice-presidente<\/em><\/p>\n<p style=\"text-align: center\"><strong>Leonardo Ulrich Steiner<\/strong><br \/>\n<em>Bispo auxiliar de Bras\u00edlia (DF)<\/em><br \/>\n<em>Secret\u00e1rio Geral<\/em><\/p>\n","protected":false},"excerpt":{"rendered":"<p>A Confer\u00eancia Nacional dos Bispos do Brasil (CNBB) publica nota sobre a beatifica\u00e7\u00e3o de Francisca de Paula de Jesus, conhecida como Nh\u00e1 Chica. No texto, a entidade destaca que &#8220;o reconhecimento pela Igreja da santidade de Nh\u00e1 Chica, passado pouco mais de cem anos de sua morte, confirma a import\u00e2ncia de se colocar em relevo &hellip;<\/p>\n<p class=\"read-more\"> <a class=\"\" href=\"https:\/\/www.cnbb.org.br\/nota-oficial-da-cnbb-sobre-a-beatificacao-de-nha-chica\/\"> <span class=\"screen-reader-text\">Nota Oficial da CNBB sobre a Beatifica\u00e7\u00e3o de Nh\u00e1 Chica<\/span> Leia mais &raquo;<\/a><\/p>\n","protected":false},"author":83,"featured_media":6771,"comment_status":"open","ping_status":"open","sticky":false,"template":"","format":"standard","meta":{"site-sidebar-layout":"default","site-content-layout":"default","ast-global-header-display":"","ast-banner-title-visibility":"","ast-main-header-display":"","ast-hfb-above-header-display":"","ast-hfb-below-header-display":"","ast-hfb-mobile-header-display":"","site-post-title":"","ast-breadcrumbs-content":"","ast-featured-img":"","footer-sml-layout":"","theme-transparent-header-meta":"","adv-header-id-meta":"","stick-header-meta":"","header-above-stick-meta":"","header-main-stick-meta":"","header-below-stick-meta":""},"categories":[783],"tags":[],"acf":[],"_links":{"self":[{"href":"https:\/\/www.cnbb.org.br\/cnbb-app\/wp\/v2\/posts\/19924"}],"collection":[{"href":"https:\/\/www.cnbb.org.br\/cnbb-app\/wp\/v2\/posts"}],"about":[{"href":"https:\/\/www.cnbb.org.br\/cnbb-app\/wp\/v2\/types\/post"}],"author":[{"embeddable":true,"href":"https:\/\/www.cnbb.org.br\/cnbb-app\/wp\/v2\/users\/83"}],"replies":[{"embeddable":true,"href":"https:\/\/www.cnbb.org.br\/cnbb-app\/wp\/v2\/comments?post=19924"}],"version-history":[{"count":0,"href":"https:\/\/www.cnbb.org.br\/cnbb-app\/wp\/v2\/posts\/19924\/revisions"}],"wp:featuredmedia":[{"embeddable":true,"href":"https:\/\/www.cnbb.org.br\/cnbb-app\/wp\/v2\/media\/6771"}],"wp:attachment":[{"href":"https:\/\/www.cnbb.org.br\/cnbb-app\/wp\/v2\/media?parent=19924"}],"wp:term":[{"taxonomy":"category","embeddable":true,"href":"https:\/\/www.cnbb.org.br\/cnbb-app\/wp\/v2\/categories?post=19924"},{"taxonomy":"post_tag","embeddable":true,"href":"https:\/\/www.cnbb.org.br\/cnbb-app\/wp\/v2\/tags?post=19924"}],"curies":[{"name":"wp","href":"https:\/\/api.w.org\/{rel}","templated":true}]}}