{"id":19948,"date":"2015-05-01T00:00:00","date_gmt":"2015-05-01T03:00:00","guid":{"rendered":"https:\/\/www.cnbb.org.br\/cnbb-divulga-mensagem-aos-trabalhadores-e-trabalhadoras\/"},"modified":"2015-05-01T00:00:00","modified_gmt":"2015-05-01T03:00:00","slug":"cnbb-divulga-mensagem-aos-trabalhadores-e-trabalhadoras","status":"publish","type":"post","link":"https:\/\/www.cnbb.org.br\/cnbb-divulga-mensagem-aos-trabalhadores-e-trabalhadoras\/","title":{"rendered":"CNBB divulga mensagem aos trabalhadores e trabalhadoras"},"content":{"rendered":"<p style=\"text-align: justify\">A Presid\u00eancia da \u00a0Confer\u00eancia Nacional dos Bispos do Brasil (CNBB) divulga, neste 1\u00ba de maio, mensagem aos trabalhadores e trabalhadoras. No texto, a CNBB manifesta \u201capoio aos homens e mulheres que, pelo trabalho, constroem caminhos de vida e de fraternidade\u201d.<\/p>\n<p style=\"text-align: justify\">Os direitos dos trabalhadores tamb\u00e9m s\u00e3o lembrados na mensagem. A exemplo das medidas provis\u00f3rias que tratam de mudan\u00e7as nas regras de acesso ao aux\u00edlio-doen\u00e7a e \u00e0 pens\u00e3o por morte e sobre o seguro-desemprego, abono salarial e seguro-defeso. \u201cElas representam uma amea\u00e7a aos trabalhadores\u201d, consta do texto. \u00a0Os bispos afirmam, ainda, que lei que permite a terceiriza\u00e7\u00e3o do trabalho n\u00e3o pode negar ou restringir o direito dos trabalhadores.<\/p>\n<p>Confira, na \u00edntegra, a mensagem:\u00a0<\/p>\n<p>  <!--more-->  <\/p>\n<p>\u00a0<\/p>\n<p align=\"center\"><strong>\u00a0<\/strong><\/p>\n<p align=\"center\"><strong>\u00a0<\/strong><\/p>\n<p align=\"center\"><strong>Mensagem da CNBB aos trabalhadores e trabalhadoras<\/strong><\/p>\n<p><em>\u00a0<\/em><\/p>\n<p align=\"right\"><em>Quero apenas ver o direito brotar como fonte,<\/em><\/p>\n<p align=\"right\"><em>e correr a justi\u00e7a qual regato que n\u00e3o seca<\/em>\u00a0<em>(Am 5,24)<\/em><\/p>\n<p>\u00a0<\/p>\n<p style=\"text-align: justify\">A Confer\u00eancia Nacional dos Bispos do Brasil \u2013 CNBB, por ocasi\u00e3o das comemora\u00e7\u00f5es do Dia do Trabalhador e da Trabalhadora, neste 1\u00ba de Maio, manifesta seu apoio aos homens e mulheres que, pelo trabalho, constroem caminhos de vida e de fraternidade.\u00a0 Dimens\u00e3o fundamental da exist\u00eancia da pessoa humana sobre a terra (cf. LE, 4), o trabalho transforma as pessoas e a natureza, apoiado na intelig\u00eancia e na criatividade humanas a servi\u00e7o do bem.<\/p>\n<p style=\"text-align: justify\">Nunca \u00e9 demais recordar que \u201co trabalho \u00e9 um bem de todos, que deve ser dispon\u00edvel para todos aqueles que s\u00e3o capazes de trabalhar. O pleno emprego \u00e9, portanto, um objetivo obrigat\u00f3rio para todo o ordenamento econ\u00f4mico orientado para a justi\u00e7a e para o bem comum\u201d(CDSI 288). Saliente-se, portanto, que \u201ca obriga\u00e7\u00e3o de ganhar o p\u00e3o com o suor do pr\u00f3prio rosto sup\u00f5e, ao mesmo tempo, um direito. Uma sociedade onde este direito seja sistematicamente negado, onde as medidas de pol\u00edtica econ\u00f4mica n\u00e3o consintam aos trabalhadores alcan\u00e7arem n\u00edveis satisfat\u00f3rios de ocupa\u00e7\u00e3o, n\u00e3o pode conseguir nem a sua legitima\u00e7\u00e3o \u00e9tica nem a paz social\u201d (CA, 43). O Papa Francisco afirma que\u00a0<em>\u201ca economia n\u00e3o pode mais recorrer a rem\u00e9dios que s\u00e3o um novo veneno, como quando se pretende aumentar a rentabilidade reduzindo o mercado de trabalho e criando assim novos exclu\u00eddos\u201d (EG, 204).<\/em><\/p>\n<p style=\"text-align: justify\">A situa\u00e7\u00e3o pol\u00edtica e econ\u00f4mica pela qual passa o Brasil exige que se d\u00ea aten\u00e7\u00e3o especial \u00e0 defesa, consolida\u00e7\u00e3o e amplia\u00e7\u00e3o dos direitos dos trabalhadores e trabalhadoras. Tramitam no Congresso Nacional a Medida Provis\u00f3ria 664\/2014, que trata de mudan\u00e7as nas regras de acesso ao aux\u00edlio-doen\u00e7a e \u00e0 pens\u00e3o por morte e a Medida Provis\u00f3ria 665\/2014, que trata do seguro-desemprego, abono salarial e seguro-defeso, no caso dos pescadores. Elas representam uma amea\u00e7a aos trabalhadores. A lei que permite a terceiriza\u00e7\u00e3o do trabalho, conforme manifesta\u00e7\u00e3o da CNBB durante sua 53\u00aa Assembleia Geral, n\u00e3o pode negar ou restringir o direito dos trabalhadores.\u00a0<em>\u201c<\/em><em>A retomada de crescimento do Pa\u00eds, uma das condi\u00e7\u00f5es para vencer a crise, precisa ser feita sem trazer preju\u00edzo \u00e0 popula\u00e7\u00e3o, aos trabalhadores e, principalmente, aos mais pobres (&#8230;).\u00a0<\/em><em>\u00c9\u00a0<\/em><em>inadmiss\u00edvel que a preserva\u00e7\u00e3o dos direitos sociais venha a ser sacrificada para justificar a supera\u00e7\u00e3o da crise\u201d<\/em>. (CNBB, 21.04.2015).<\/p>\n<p style=\"text-align: justify\">Reiteramos nossa preocupa\u00e7\u00e3o com o n\u00famero de trabalhadores que ainda est\u00e3o em regime de escravid\u00e3o. Urge que a Proposta de Emenda Constitucional 57\/1999, j\u00e1 aprovada no Senado, embase a puni\u00e7\u00e3o legal \u00e0s empresas que fazem uso da m\u00e3o de obra escrava. N\u00e3o podemos mais conviver com essa realidade que atenta contra a dignidade da pessoa humana.<\/p>\n<p style=\"text-align: justify\">Nesse 1\u00ba de Maio, em que trazemos \u00e0 mem\u00f3ria os que doaram sua vida na defesa e promo\u00e7\u00e3o dos direitos dos trabalhadores e trabalhadoras do Brasil, fazemos votos de que cres\u00e7a, sempre mais, \u201ca consci\u00eancia de que o trabalho humano \u00e9 uma participa\u00e7\u00e3o na obra de Deus\u201d (LE, 25). Agradecemos, pois, os trabalhadores e trabalhadoras que, n\u00e3o obstante as adversidades e graves problemas sociais, empregam todos os seus esfor\u00e7os pela constru\u00e7\u00e3o de uma sociedade democr\u00e1tica e justa.<\/p>\n<p style=\"text-align: justify\">Que Deus seja a for\u00e7a dos trabalhadores e trabalhadoras e S\u00e3o Jos\u00e9 alcance de Jesus Cristo prote\u00e7\u00e3o e gra\u00e7a para todos.<\/p>\n<p style=\"text-align: justify\">Bras\u00edlia, 1\u00ba de maio de 2015<\/p>\n<p style=\"text-align: center\">\u00a0<\/p>\n<p style=\"text-align: center\">Dom S\u00e9rgio da Rocha<\/p>\n<p style=\"text-align: center\"><em>Arcebispo de Bras\u00edlia<\/em><\/p>\n<p style=\"text-align: center\"><em>Presidente da CNBB<\/em><\/p>\n<p style=\"text-align: center\">\u00a0<\/p>\n<p style=\"text-align: center\">Dom Murilo Sebasti\u00e3o Krieger<\/p>\n<p style=\"text-align: center\"><em>Arcebispo de Salvador<\/em><\/p>\n<p style=\"text-align: center\"><em>Vice-presidente da CNBB<\/em><\/p>\n<p style=\"text-align: center\">\u00a0<\/p>\n<p style=\"text-align: center\">Dom Leonardo Ulrich Steiner<\/p>\n<p style=\"text-align: center\"><em>Bispo Auxiliar de Bras\u00edlia<\/em><\/p>\n<p style=\"text-align: center\"><em>Secret\u00e1rio Geral da CNBB<\/em><\/p>\n<p style=\"text-align: center\">\u00a0<\/p>\n","protected":false},"excerpt":{"rendered":"<p>A Presid\u00eancia da \u00a0Confer\u00eancia Nacional dos Bispos do Brasil (CNBB) divulga, neste 1\u00ba de maio, mensagem aos trabalhadores e trabalhadoras. No texto, a CNBB manifesta \u201capoio aos homens e mulheres que, pelo trabalho, constroem caminhos de vida e de fraternidade\u201d. Os direitos dos trabalhadores tamb\u00e9m s\u00e3o lembrados na mensagem. A exemplo das medidas provis\u00f3rias que &hellip;<\/p>\n<p class=\"read-more\"> <a class=\"\" href=\"https:\/\/www.cnbb.org.br\/cnbb-divulga-mensagem-aos-trabalhadores-e-trabalhadoras\/\"> <span class=\"screen-reader-text\">CNBB divulga mensagem aos trabalhadores e trabalhadoras<\/span> Leia mais &raquo;<\/a><\/p>\n","protected":false},"author":83,"featured_media":10074,"comment_status":"open","ping_status":"open","sticky":false,"template":"","format":"standard","meta":{"site-sidebar-layout":"default","site-content-layout":"default","ast-global-header-display":"","ast-banner-title-visibility":"","ast-main-header-display":"","ast-hfb-above-header-display":"","ast-hfb-below-header-display":"","ast-hfb-mobile-header-display":"","site-post-title":"","ast-breadcrumbs-content":"","ast-featured-img":"","footer-sml-layout":"","theme-transparent-header-meta":"","adv-header-id-meta":"","stick-header-meta":"","header-above-stick-meta":"","header-main-stick-meta":"","header-below-stick-meta":""},"categories":[783],"tags":[],"acf":[],"_links":{"self":[{"href":"https:\/\/www.cnbb.org.br\/cnbb-app\/wp\/v2\/posts\/19948"}],"collection":[{"href":"https:\/\/www.cnbb.org.br\/cnbb-app\/wp\/v2\/posts"}],"about":[{"href":"https:\/\/www.cnbb.org.br\/cnbb-app\/wp\/v2\/types\/post"}],"author":[{"embeddable":true,"href":"https:\/\/www.cnbb.org.br\/cnbb-app\/wp\/v2\/users\/83"}],"replies":[{"embeddable":true,"href":"https:\/\/www.cnbb.org.br\/cnbb-app\/wp\/v2\/comments?post=19948"}],"version-history":[{"count":0,"href":"https:\/\/www.cnbb.org.br\/cnbb-app\/wp\/v2\/posts\/19948\/revisions"}],"wp:featuredmedia":[{"embeddable":true,"href":"https:\/\/www.cnbb.org.br\/cnbb-app\/wp\/v2\/media\/10074"}],"wp:attachment":[{"href":"https:\/\/www.cnbb.org.br\/cnbb-app\/wp\/v2\/media?parent=19948"}],"wp:term":[{"taxonomy":"category","embeddable":true,"href":"https:\/\/www.cnbb.org.br\/cnbb-app\/wp\/v2\/categories?post=19948"},{"taxonomy":"post_tag","embeddable":true,"href":"https:\/\/www.cnbb.org.br\/cnbb-app\/wp\/v2\/tags?post=19948"}],"curies":[{"name":"wp","href":"https:\/\/api.w.org\/{rel}","templated":true}]}}