{"id":19952,"date":"2016-02-05T00:00:00","date_gmt":"2016-02-05T02:00:00","guid":{"rendered":"https:\/\/www.cnbb.org.br\/cnbb-divulga-mensagem-sobre-o-combate-ao-aedes-aegypti\/"},"modified":"2016-02-05T00:00:00","modified_gmt":"2016-02-05T02:00:00","slug":"cnbb-divulga-mensagem-sobre-o-combate-ao-aedes-aegypti","status":"publish","type":"post","link":"https:\/\/www.cnbb.org.br\/cnbb-divulga-mensagem-sobre-o-combate-ao-aedes-aegypti\/","title":{"rendered":"CNBB divulga mensagem sobre o combate ao aedes aegypti"},"content":{"rendered":"<p style=\"text-align: justify\">Texto foi divulgado pela Presid\u00eancia da entidade durante entrevista coletiva \u00e0 imprensa, nesta quinta-feira<\/p>\n<p>  <!--more-->  <\/p>\n<p style=\"text-align: justify\">\u00a0\u201cCom um grande mutir\u00e3o, que envolva todos os setores da sociedade, seremos capazes de vencer estas doen\u00e7as que atingem, sem distin\u00e7\u00e3o, toda a popula\u00e7\u00e3o brasileira\u201d, diz um trecho da mensagem aprovada\u00a0pelo Conselho Episcopal Pastoral da Confer\u00eancia Nacional dos Bispos do Brasil (CNBB) e divulgada pela Presid\u00eancia da entidade, nesta quinta-feira, dia 4, durante entrevista coletiva \u00e0 imprensa. No texto, a Confer\u00eancia conclama toda a Igreja no Brasil a continuar e intensificar a mobiliza\u00e7\u00e3o no combate ao mosquito <em>aedes aegyti<\/em>, transmissor da dengue, do v\u00edrus zika e do chicungunya.<\/p>\n<p style=\"text-align: justify\">A CNBB tamb\u00e9m afirma, dada a prov\u00e1vel liga\u00e7\u00e3o com os casos de microcefalia, que o estado de alerta \u201cn\u00e3o deve levar a p\u00e2nico&#8221;. Outra indica\u00e7\u00e3o \u00e9 que tal situa\u00e7\u00e3o \u201ctampouco justifica defender o aborto para os casos de microcefalia como, lamentavelmente, prop\u00f5em determinados grupos que se organizam para levar a quest\u00e3o ao Supremo Tribunal Federal num total desrespeito \u00e0 vida\u201d.<\/p>\n<p style=\"text-align: justify\">Leia o texto na integra.<\/p>\n<p class=\"MsoNoSpacing\" style=\"text-align: center\" align=\"center\"><strong>MENSAGEM DA CNBB SOBRE O COMBATE AO AEDES AEGYPTI<\/strong><\/p>\n<p class=\"MsoNoSpacing\" style=\"text-align: center\" align=\"center\">\u00a0\u201cTu me restauraste a sa\u00fade e me deixaste viver\u201d (Is 38,16b)<\/p>\n<p class=\"MsoNoSpacing\" style=\"text-align: justify\" align=\"center\">O Conselho Episcopal Pastoral (CONSEP), da Confer\u00eancia Nacional dos Bispos do Brasil &#8211; CNBB, reunido em Bras\u00edlia-DF, nos dias 3 e 4 de fevereiro de 2016, conclama toda a Igreja no Brasil a continuar e intensificar a mobiliza\u00e7\u00e3o no combate ao mosquito aedes aegyti, transmissor da dengue, do v\u00edrus zika e do chikungunya. Com um grande mutir\u00e3o, que envolva todos os setores da sociedade, seremos capazes de vencer estas doen\u00e7as que atingem, sem distin\u00e7\u00e3o, toda a popula\u00e7\u00e3o brasileira.<\/p>\n<p class=\"MsoNoSpacing\" style=\"text-align: justify\" align=\"center\">Merece aten\u00e7\u00e3o especial o v\u00edrus zika por sua prov\u00e1vel liga\u00e7\u00e3o com a microcefalia, embora isso n\u00e3o tenha sido provado cientificamente. A gravidade da situa\u00e7\u00e3o levou a Organiza\u00e7\u00e3o Mundial da Sa\u00fade a declarar a microcefalia e o v\u00edrus zika emerg\u00eancia internacional. O estado de alerta, contudo, n\u00e3o deve nos levar ao p\u00e2nico, como se estiv\u00e9ssemos diante de uma situa\u00e7\u00e3o invenc\u00edvel, apesar de sua extrema gravidade. Tampouco justifica defender o aborto para os casos de microcefalia como, lamentavelmente, prop\u00f5em determinados grupos que se organizam para levar a quest\u00e3o ao Supremo Tribunal Federal num total desrespeito ao dom da vida.<\/p>\n<p class=\"MsoNoSpacing\" style=\"text-align: justify\" align=\"center\">Seja garantida, com urg\u00eancia, a assist\u00eancia aos atingidos por estas enfermidades, sobretudo \u00e0s crian\u00e7as que nascem com microcefalia e suas fam\u00edlias. A sa\u00fade, dom e direito de todos, deve ser assegurada, em primeiro lugar, pelos gestores p\u00fablicos. A eles cabe implementar pol\u00edticas que apontem para um sistema de sa\u00fade p\u00fablica com qualidade e universal. Nesse sentido, a Campanha da Fraternidade Ecum\u00eanica deste ano contribui muito ao trazer \u00e0 tona a vergonhosa realidade do saneamento b\u00e1sico no Brasil. Sem uma eficaz pol\u00edtica nacional de saneamento b\u00e1sico, fica comprometido todo esfor\u00e7o de combate ao aedes aegypti.<\/p>\n<p class=\"MsoNoSpacing\" style=\"text-align: justify\" align=\"center\">O compromisso de cada cidad\u00e3o tamb\u00e9m \u00e9 indispens\u00e1vel na tarefa de erradicar este mal que desafia nossas institui\u00e7\u00f5es. O princ\u00edpio de tudo \u00e9 a educa\u00e7\u00e3o e a corresponsabilidade. Por isso, exortamos as lideran\u00e7as de nossas comunidades eclesiais a organizarem a\u00e7\u00f5es e a se somarem \u00e0s iniciativas que visem colocar fim a esta situa\u00e7\u00e3o. As a\u00e7\u00f5es de compet\u00eancia do poder p\u00fablico sejam exigidas e acompanhadas. Nas celebra\u00e7\u00f5es, reuni\u00f5es e encontros, sejam dadas orienta\u00e7\u00f5es claras e objetivas que ajudem as pessoas a tomarem consci\u00eancia da gravidade da situa\u00e7\u00e3o e da melhor forma de combater as doen\u00e7as e seu transmissor. Com o esfor\u00e7o de todos, a vit\u00f3ria n\u00e3o nos faltar\u00e1.<\/p>\n<p class=\"MsoNoSpacing\" style=\"text-align: justify\" align=\"center\">Deus, em sua infinita miseric\u00f3rdia, fa\u00e7a a sa\u00fade se difundir sobre a terra (cf. Eclo 38,8). Nossa Senhora Aparecida, m\u00e3e e padroeira do Brasil, ajude-nos em nosso evang\u00e9lico compromisso de promo\u00e7\u00e3o e defesa da vida.<\/p>\n<p class=\"MsoNoSpacing\" style=\"text-align: justify\" align=\"center\">\u00a0<\/p>\n<p class=\"MsoNoSpacing\" style=\"text-align: justify\" align=\"center\">Bras\u00edlia, 4 de fevereiro de 2016<\/p>\n<p style=\"margin: 0px 0px 10px;color: #444444;font-family: Arial, Helvetica, sans-serif;font-size: 13px;line-height: 20px;text-align: center\">\u00a0<\/p>\n<table style=\"max-width: 100%;border-collapse: collapse;border-spacing: 0px;color: #444444;font-family: Arial, Helvetica, sans-serif;font-size: 13px;line-height: 20px;height: 264px\" border=\"0\" width=\"742\" cellspacing=\"0\" cellpadding=\"0\">\n<tbody>\n<tr style=\"text-align: center\">\n<td style=\"padding: 8px 10px;vertical-align: top;border-top-width: 1px;border-top-style: solid;border-top-color: #dddddd\" valign=\"top\" width=\"335\">\n<p style=\"margin: 0px 0px 10px\" align=\"left\"><span style=\"font-size: small;font-family: arial, helvetica, sans-serif\"><strong>\u00a0 \u00a0 \u00a0 \u00a0 \u00a0 \u00a0 \u00a0Dom Sergio da Rocha<\/strong><\/span><\/p>\n<p style=\"margin: 0px 0px 10px\" align=\"left\"><span style=\"font-size: small;font-family: arial, helvetica, sans-serif\">\u00a0 \u00a0 \u00a0 \u00a0 \u00a0Arcebispo de Bras\u00edlia-DF<\/span><\/p>\n<p style=\"margin: 0px 0px 10px\" align=\"left\"><span style=\"font-size: small;font-family: arial, helvetica, sans-serif\">\u00a0 \u00a0 \u00a0 \u00a0 \u00a0 \u00a0Presidente da CNBB<\/span><\/p>\n<\/td>\n<td style=\"padding: 8px 10px;vertical-align: top;border-top-width: 1px;border-top-style: solid;border-top-color: #dddddd\" valign=\"top\" width=\"336\">\n<p style=\"margin: 0px 0px 10px\" align=\"center\"><span style=\"font-size: small;font-family: arial, helvetica, sans-serif\"><strong style=\"line-height: 1.3em\">Dom Murilo S. R. Krieger<\/strong><\/span><\/p>\n<p style=\"margin: 0px 0px 10px\" align=\"left\"><span style=\"font-size: small;font-family: arial, helvetica, sans-serif\">\u00a0 \u00a0 \u00a0 \u00a0 \u00a0 \u00a0Arcebispo de S\u00e3o Salvador da Bahia- BA<\/span><\/p>\n<p style=\"margin: 0px 0px 10px\" align=\"left\"><span style=\"font-size: small;font-family: arial, helvetica, sans-serif\">\u00a0 \u00a0 \u00a0 \u00a0 \u00a0 \u00a0 \u00a0 \u00a0 \u00a0 \u00a0 \u00a0Vice-presidente da CNBB<\/span><\/p>\n<\/td>\n<\/tr>\n<tr>\n<td style=\"padding: 8px 10px;vertical-align: top;border-top-width: 1px;border-top-style: solid;border-top-color: #dddddd\" colspan=\"2\" valign=\"top\" width=\"671\">\n<p style=\"margin: 0px 0px 10px;text-align: center\" align=\"center\"><span style=\"font-size: small;font-family: arial, helvetica, sans-serif\">\u00a0<\/span><\/p>\n<p style=\"margin: 0px 0px 10px;text-align: center\" align=\"center\"><span style=\"font-size: small;font-family: arial, helvetica, sans-serif\">\u00a0<strong>Dom Leonardo Ulrich Steiner<\/strong><\/span><\/p>\n<p style=\"margin: 0px 0px 10px;text-align: center\" align=\"center\"><span style=\"font-size: small;font-family: arial, helvetica, sans-serif\">Bispo Auxiliar de Bras\u00edlia-DF<\/span><\/p>\n<p style=\"margin: 0px 0px 10px;text-align: center\" align=\"center\"><span style=\"font-size: small;font-family: arial, helvetica, sans-serif\">Secret\u00e1rio Geral da CNBB<\/span><\/p>\n<\/td>\n<\/tr>\n<\/tbody>\n<\/table>\n<p style=\"margin: 0px 0px 10px;color: #444444;font-family: Arial, Helvetica, sans-serif;font-size: 13px;line-height: 20px\">\u00a0<\/p>\n<p class=\"MsoNoSpacing\" style=\"text-align: center\" align=\"center\">\u00a0<\/p>\n<p class=\"MsoNoSpacing\" style=\"text-align: center\" align=\"center\">\u00a0<\/p>\n<p class=\"MsoNoSpacing\" style=\"text-align: center\" align=\"center\">\u00a0<\/p>\n<p class=\"MsoNoSpacing\" style=\"text-align: center\" align=\"center\">\u00a0<\/p>\n<p class=\"MsoNoSpacing\" style=\"text-align: center\" align=\"center\">\u00a0<\/p>\n","protected":false},"excerpt":{"rendered":"<p>Texto foi divulgado pela Presid\u00eancia da entidade durante entrevista coletiva \u00e0 imprensa, nesta quinta-feira<\/p>\n","protected":false},"author":83,"featured_media":19953,"comment_status":"open","ping_status":"open","sticky":false,"template":"","format":"standard","meta":{"site-sidebar-layout":"default","site-content-layout":"default","ast-global-header-display":"","ast-banner-title-visibility":"","ast-main-header-display":"","ast-hfb-above-header-display":"","ast-hfb-below-header-display":"","ast-hfb-mobile-header-display":"","site-post-title":"","ast-breadcrumbs-content":"","ast-featured-img":"","footer-sml-layout":"","theme-transparent-header-meta":"","adv-header-id-meta":"","stick-header-meta":"","header-above-stick-meta":"","header-main-stick-meta":"","header-below-stick-meta":""},"categories":[783],"tags":[],"acf":[],"_links":{"self":[{"href":"https:\/\/www.cnbb.org.br\/cnbb-app\/wp\/v2\/posts\/19952"}],"collection":[{"href":"https:\/\/www.cnbb.org.br\/cnbb-app\/wp\/v2\/posts"}],"about":[{"href":"https:\/\/www.cnbb.org.br\/cnbb-app\/wp\/v2\/types\/post"}],"author":[{"embeddable":true,"href":"https:\/\/www.cnbb.org.br\/cnbb-app\/wp\/v2\/users\/83"}],"replies":[{"embeddable":true,"href":"https:\/\/www.cnbb.org.br\/cnbb-app\/wp\/v2\/comments?post=19952"}],"version-history":[{"count":0,"href":"https:\/\/www.cnbb.org.br\/cnbb-app\/wp\/v2\/posts\/19952\/revisions"}],"wp:featuredmedia":[{"embeddable":true,"href":"https:\/\/www.cnbb.org.br\/cnbb-app\/wp\/v2\/media\/19953"}],"wp:attachment":[{"href":"https:\/\/www.cnbb.org.br\/cnbb-app\/wp\/v2\/media?parent=19952"}],"wp:term":[{"taxonomy":"category","embeddable":true,"href":"https:\/\/www.cnbb.org.br\/cnbb-app\/wp\/v2\/categories?post=19952"},{"taxonomy":"post_tag","embeddable":true,"href":"https:\/\/www.cnbb.org.br\/cnbb-app\/wp\/v2\/tags?post=19952"}],"curies":[{"name":"wp","href":"https:\/\/api.w.org\/{rel}","templated":true}]}}