{"id":19981,"date":"2009-02-13T00:00:00","date_gmt":"2009-02-13T02:00:00","guid":{"rendered":"https:\/\/www.cnbb.org.br\/pastoral-afro-brasileira-a-missao-continua-2\/"},"modified":"2009-02-13T00:00:00","modified_gmt":"2009-02-13T02:00:00","slug":"pastoral-afro-brasileira-a-missao-continua-2","status":"publish","type":"post","link":"https:\/\/www.cnbb.org.br\/pastoral-afro-brasileira-a-missao-continua-2\/","title":{"rendered":"Pastoral Afro-brasileira: a miss\u00e3o continua"},"content":{"rendered":"<p style=\"text-align: justify\">As atividades da pastoral afro-brasileira t\u00eam significado uma riqueza na miss\u00e3o evangelizadora da Igreja no Brasil. Os frutos que hoje colhemos s\u00e3o resultado de um processo de d\u00e9cadas onde muitos l\u00edderes se empenharam em fazer de nossa Igreja o espa\u00e7o tamb\u00e9m do povo negro. Nisto temos um referencial, a Campanha da Fraternidade de 1988 que trazia o tema a fraternidade e o negro e o lema \u201couvi o clamor deste povo\u201d.<\/p>\n<p><!--more--><\/p>\n<p style=\"text-align: justify\">Esta campanha, fruto das reflex\u00f5es e articula\u00e7\u00f5es dos anos anteriores, deixou a sua marca tamb\u00e9m por caracterizar o in\u00edcio da pastoral afro-brasileira como uma articula\u00e7\u00e3o de \u00e2mbito nacional. Em 2008 foram celebrados vinte anos desta caminhada.<\/p>\n<p style=\"text-align: justify\">Um olhar para o passado nos convida a louvar a Deus pela for\u00e7a recebida e que permitiu a constru\u00e7\u00e3o desta caminhada onde muitos se empenharam e buscaram o seu espa\u00e7o em nossas comunidades.<\/p>\n<p style=\"text-align: justify\">O olhar para o futuro revela que \u201ctemos ainda um longo caminho a percorrer (1Rs 19,7)\u201d. Os dados da realidade demonstram que a pobreza, a exclus\u00e3o social, o preconceito e a discrimina\u00e7\u00e3o ainda est\u00e3o no caminho dos afro-brasileiros. A luta pela cidadania e pela vida digna dos nossos irm\u00e3os negros e negras caracteriza o nosso compromisso de agentes de pastoral.\u00a0 Queremos trilhar este caminho com a coragem e resist\u00eancia dos nossos antepassados e com a f\u00e9 que nos congrega na miss\u00e3o dos seguidores do Ressuscitado.<\/p>\n<p style=\"text-align: justify\">Lembramos aqui a caminhada dos Disc\u00edpulos de Ema\u00fas (Lc 24, 13ss). O encontro com Jesus Cristo permitiu que recuperassem a hist\u00f3ria, a coragem e o sentido da miss\u00e3o. Ent\u00e3o o temor cedeu espa\u00e7o \u00e0 coragem de voltar para a luta, o des\u00e2nimo deu lugar \u00e0 determina\u00e7\u00e3o de que a miss\u00e3o continuava, a incerteza do futuro foi esquecida quando descobriram que este \u00e9 constru\u00eddo pela participa\u00e7\u00e3o de todos, unidos pelo mesmo objetivo.<\/p>\n<p style=\"text-align: justify\">A experi\u00eancia dos Disc\u00edpulos de Ema\u00fas motiva a continuarmos a nossa caminhada de disc\u00edpulos mission\u00e1rios. Com a nossa alegria e com a nossa experi\u00eancia de f\u00e9 vamos dar a nossa contribui\u00e7\u00e3o para a Igreja. Pelo toque do tambor, pela dan\u00e7a e pelo sorriso aberto, mas tamb\u00e9m pelo luta e pela a\u00e7\u00e3o cidad\u00e3 o evangelho ganha espa\u00e7o no cora\u00e7\u00e3o das pessoas.<\/p>\n<p style=\"text-align: justify\">O ano de 2009 ser\u00e1 um ano rico em atividades para os agentes de pastoral afro-brasileira. Foi lan\u00e7ado o subs\u00eddio de estudos \u201cPastoral afro-brasileira: princ\u00edpios de orienta\u00e7\u00e3o\u201d que est\u00e1 \u00e0 disposi\u00e7\u00e3o de todos pelas Edi\u00e7\u00f5es CNBB. Ser\u00e1 um apoio valioso para as atividades dos grupos de base. Nos dias 08-11 de Julho teremos o Congresso Nacional das Entidades Negras Cat\u00f3licas na cidade de S\u00e3o Luiz \u2013 MA. No m\u00eas de agosto, dias 03-07, acontecer\u00e1 o Encontro de Pastoral Afro-americana no Panam\u00e1. Em novembro vamos assinalar o \u201cm\u00eas da consci\u00eancia negra\u201d com a\u00e7\u00f5es propositivas de resgate e valoriza\u00e7\u00e3o da cultura afro-brasileira.<\/p>\n<p style=\"text-align: justify\">Tamb\u00e9m somos desafiados a continuar nosso trabalho nas comunidades reafirmando nosso compromisso evangelizador e com a cidadania. Neste ano ser\u00e1 votada no Senado a lei das cotas. Estejamos atentos a este processo. O apoio \u00e0s reivindica\u00e7\u00f5es dos Povos Quilombolas e comunidades tradicionais \u00e9 muito importante. Junto com a posse da terra est\u00e1 a manuten\u00e7\u00e3o da cultura e da tradi\u00e7\u00e3o da nossa gente.\u00a0 N\u00e3o podemos deixar de dar a nossa contribui\u00e7\u00e3o \u00e0 Campanha da Fraternidade que neste ano enfocar\u00e1 o tema da seguran\u00e7a publica.<\/p>\n<p style=\"text-align: justify\">Temos um caminho a percorrer. Que seja um bom caminho!<\/p>\n<p style=\"text-align: justify\">Rogamos a Deus que o ano de 2009 seja repleto de b\u00ean\u00e7\u00e3os e de ax\u00e9!<\/p>\n<h4 style=\"text-align: right\">Pe Ari Ant\u00f4nio dos Reis<\/h4>\n","protected":false},"excerpt":{"rendered":"<p>As atividades da pastoral afro-brasileira t\u00eam significado uma riqueza na miss\u00e3o evangelizadora da Igreja no Brasil. Os frutos que hoje colhemos s\u00e3o resultado de um processo de d\u00e9cadas onde muitos l\u00edderes se empenharam em fazer de nossa Igreja o espa\u00e7o tamb\u00e9m do povo negro. Nisto temos um referencial, a Campanha da Fraternidade de 1988 que &hellip;<\/p>\n<p class=\"read-more\"> <a class=\"\" href=\"https:\/\/www.cnbb.org.br\/pastoral-afro-brasileira-a-missao-continua-2\/\"> <span class=\"screen-reader-text\">Pastoral Afro-brasileira: a miss\u00e3o continua<\/span> Leia mais &raquo;<\/a><\/p>\n","protected":false},"author":83,"featured_media":0,"comment_status":"open","ping_status":"open","sticky":false,"template":"","format":"standard","meta":{"site-sidebar-layout":"default","site-content-layout":"default","ast-global-header-display":"","ast-banner-title-visibility":"","ast-main-header-display":"","ast-hfb-above-header-display":"","ast-hfb-below-header-display":"","ast-hfb-mobile-header-display":"","site-post-title":"","ast-breadcrumbs-content":"","ast-featured-img":"","footer-sml-layout":"","theme-transparent-header-meta":"","adv-header-id-meta":"","stick-header-meta":"","header-above-stick-meta":"","header-main-stick-meta":"","header-below-stick-meta":""},"categories":[851,766],"tags":[],"acf":[],"_links":{"self":[{"href":"https:\/\/www.cnbb.org.br\/cnbb-app\/wp\/v2\/posts\/19981"}],"collection":[{"href":"https:\/\/www.cnbb.org.br\/cnbb-app\/wp\/v2\/posts"}],"about":[{"href":"https:\/\/www.cnbb.org.br\/cnbb-app\/wp\/v2\/types\/post"}],"author":[{"embeddable":true,"href":"https:\/\/www.cnbb.org.br\/cnbb-app\/wp\/v2\/users\/83"}],"replies":[{"embeddable":true,"href":"https:\/\/www.cnbb.org.br\/cnbb-app\/wp\/v2\/comments?post=19981"}],"version-history":[{"count":0,"href":"https:\/\/www.cnbb.org.br\/cnbb-app\/wp\/v2\/posts\/19981\/revisions"}],"wp:attachment":[{"href":"https:\/\/www.cnbb.org.br\/cnbb-app\/wp\/v2\/media?parent=19981"}],"wp:term":[{"taxonomy":"category","embeddable":true,"href":"https:\/\/www.cnbb.org.br\/cnbb-app\/wp\/v2\/categories?post=19981"},{"taxonomy":"post_tag","embeddable":true,"href":"https:\/\/www.cnbb.org.br\/cnbb-app\/wp\/v2\/tags?post=19981"}],"curies":[{"name":"wp","href":"https:\/\/api.w.org\/{rel}","templated":true}]}}