{"id":19986,"date":"2009-06-17T00:00:00","date_gmt":"2009-06-17T03:00:00","guid":{"rendered":"https:\/\/www.cnbb.org.br\/pastoral-afro-brasileira-e-afro-americana-do-celam-lamentam-morte-de-padre-gisley-2\/"},"modified":"2009-06-17T00:00:00","modified_gmt":"2009-06-17T03:00:00","slug":"pastoral-afro-brasileira-e-afro-americana-do-celam-lamentam-morte-de-padre-gisley-2","status":"publish","type":"post","link":"https:\/\/www.cnbb.org.br\/pastoral-afro-brasileira-e-afro-americana-do-celam-lamentam-morte-de-padre-gisley-2\/","title":{"rendered":"Pastoral Afro-brasileira e Afro-americana do Celam lamentam morte de padre Gisley"},"content":{"rendered":"<p style=\"text-align: justify\">A Pastoral Afro-brasileira e a Pastoral Afro-americana do Celam, em nota, lamentam \u201cprofundamente\u201d a morte do assessor do Setor Juventude, da Confer\u00eancia Nacional dos Bispos do Brasil (CNBB), padre Gisley Azevedo Gomes.<\/p>\n<p><!--more--><\/p>\n<p style=\"text-align: justify\">O texto afirma que o sacerdote sempre defendia a causa negra nos encontros de juventude de que participava e adverte que &#8220;precisamos lutar incansavelmente por um ambiente de paz&#8221; e \u201crevisar os crit\u00e9rios que pautam a nossa vida em sociedade. Vivemos um momento de dor, de preocupa\u00e7\u00e3o. Como pode algu\u00e9m planejar a morte de um semelhante?\u201d, questiona.<\/p>\n<hr \/>\n<h4 style=\"text-align: center\">Nota da pastoral Afro-brasileira da CNBB e afro-americana do Celam pela morte de padre Gisley<\/h4>\n<p style=\"text-align: justify\">A pastoral afro-brasileira e afro-americana lamenta profundamente a morte do assessor do Setor Juventude da CNBB, padre Gisley de Azevedo Gomes e manifesta solidariedade aos familiares e a Igreja do Brasil. O padre Gisley sempre foi aliado da defesa e apoio das quest\u00f5es do povo negro, sobretudo dos jovens.<\/p>\n<p style=\"text-align: justify\">O seu trabalho era marcado por um grande apre\u00e7o pelos jovens e n\u00e3o hesitava em apresentar as quest\u00f5es ligadas \u00e0 juventude afrobrasileira nos encontros e reuni\u00f5es onde participava. Seguidamente manifestava preocupa\u00e7\u00e3o pela viol\u00eancia que atingia os jovens negros. Insistia da necessidade de se tomar atitudes concretas para frear este processo que j\u00e1 beira o exterm\u00ednio.<\/p>\n<p style=\"text-align: justify\">Vivemos um momento de dor, de preocupa\u00e7\u00e3o. Como pode algu\u00e9m planejar a morte de um semelhante? \u00c9 sinal de que precisamos lutar incansavelmente por um ambiente de paz, onde o ser humano n\u00e3o signifique uma amea\u00e7a a outro ser humano.<\/p>\n<p style=\"text-align: justify\">Tamb\u00e9m cremos na necessidade de revisarmos profundamente os crit\u00e9rios que pautam a nossa vida em sociedade. A morte do padre Gisley e de tantos outros jovens apontam para esta necessidade.<\/p>\n<p style=\"text-align: justify\">Lembremos o jovem de Nazar\u00e9, aquele que aliava ternura e solidariedade com os fragilizados e defesa firme dos valores do evangelho.<\/p>\n<p style=\"text-align: justify\">A ressurrei\u00e7\u00e3o de Jesus, o que sempre fez o Bem, nos anima nos faz confiar na ressurrei\u00e7\u00e3o do padre Gisley. Temos certeza que a sua luta, as suas palavras e o seu testemunho estar\u00e3o presentes no cora\u00e7\u00e3o de cada jovem que sonha com um mundo novo.<\/p>\n<p style=\"text-align: justify\">Agradecemos a fam\u00edlia do padre Gisley pelo ser humano que colocou em nossos caminhos. Agradecemos a Congrega\u00e7\u00e3o dos Estigmatinos por ter favorecido e sua presen\u00e7a no cuidado com os jovens.<\/p>\n<h4 style=\"text-align: right\">Pe. Ari Ant\u00f4nio dos Reis<br \/>\nPela Pastoral Afro-brasileira da CNBB<\/h4>\n<h4 style=\"text-align: right\">Pe. Jurandyr Azevedo Araujo, sdb<br \/>\nMembro do Secretaria da Pastoral Afro-americana do CELAB (SEPAFRO\/CELAM)<\/h4>\n","protected":false},"excerpt":{"rendered":"<p>A Pastoral Afro-brasileira e a Pastoral Afro-americana do Celam, em nota, lamentam \u201cprofundamente\u201d a morte do assessor do Setor Juventude, da Confer\u00eancia Nacional dos Bispos do Brasil (CNBB), padre Gisley Azevedo Gomes.<\/p>\n","protected":false},"author":83,"featured_media":0,"comment_status":"open","ping_status":"open","sticky":false,"template":"","format":"standard","meta":{"site-sidebar-layout":"default","site-content-layout":"default","ast-global-header-display":"","ast-banner-title-visibility":"","ast-main-header-display":"","ast-hfb-above-header-display":"","ast-hfb-below-header-display":"","ast-hfb-mobile-header-display":"","site-post-title":"","ast-breadcrumbs-content":"","ast-featured-img":"","footer-sml-layout":"","theme-transparent-header-meta":"","adv-header-id-meta":"","stick-header-meta":"","header-above-stick-meta":"","header-main-stick-meta":"","header-below-stick-meta":""},"categories":[851,766],"tags":[],"acf":[],"_links":{"self":[{"href":"https:\/\/www.cnbb.org.br\/cnbb-app\/wp\/v2\/posts\/19986"}],"collection":[{"href":"https:\/\/www.cnbb.org.br\/cnbb-app\/wp\/v2\/posts"}],"about":[{"href":"https:\/\/www.cnbb.org.br\/cnbb-app\/wp\/v2\/types\/post"}],"author":[{"embeddable":true,"href":"https:\/\/www.cnbb.org.br\/cnbb-app\/wp\/v2\/users\/83"}],"replies":[{"embeddable":true,"href":"https:\/\/www.cnbb.org.br\/cnbb-app\/wp\/v2\/comments?post=19986"}],"version-history":[{"count":0,"href":"https:\/\/www.cnbb.org.br\/cnbb-app\/wp\/v2\/posts\/19986\/revisions"}],"wp:attachment":[{"href":"https:\/\/www.cnbb.org.br\/cnbb-app\/wp\/v2\/media?parent=19986"}],"wp:term":[{"taxonomy":"category","embeddable":true,"href":"https:\/\/www.cnbb.org.br\/cnbb-app\/wp\/v2\/categories?post=19986"},{"taxonomy":"post_tag","embeddable":true,"href":"https:\/\/www.cnbb.org.br\/cnbb-app\/wp\/v2\/tags?post=19986"}],"curies":[{"name":"wp","href":"https:\/\/api.w.org\/{rel}","templated":true}]}}