{"id":20009,"date":"2011-11-14T00:00:00","date_gmt":"2011-11-14T02:00:00","guid":{"rendered":"https:\/\/www.cnbb.org.br\/semana-da-consciencia-negra-em-maringa-2\/"},"modified":"2011-11-14T00:00:00","modified_gmt":"2011-11-14T02:00:00","slug":"semana-da-consciencia-negra-em-maringa-2","status":"publish","type":"post","link":"https:\/\/www.cnbb.org.br\/semana-da-consciencia-negra-em-maringa-2\/","title":{"rendered":"Semana da Consci\u00eancia Negra em Maring\u00e1"},"content":{"rendered":"<p style=\"text-align: justify\">Nesta ter\u00e7a-feira, 15, a Pastoral Afro-Brasileira da arquidiocese de Maring\u00e1 (PR) d\u00e1 in\u00edcio \u00e0 Semana da Consci\u00eancia Negra no dia 15 de novembro \u00e0s 19h30 na Capela S\u00e3o Bendito, ao lado da Pra\u00e7a Zumbi dos Palmares, em Maring\u00e1. Esse \u00e9 segundo ano que a missa \u00e9 celebrada para abrir as atividades da Semana. J\u00e1 no dia 20, domingo, ser\u00e1 lembrado o dia da morte de Zumbi dos Palmares.<\/p>\n<p><!--more--><\/p>\n<p style=\"text-align: justify\">\u201cPara a Pastoral Afro \u00e9 um momento de criar maior consci\u00eancia no povo negro da sua especial contribui\u00e7\u00e3o para a riqueza cultural de nosso pa\u00eds. \u00c9 uma forma de celebrar nossa hist\u00f3ria e resgatar tantos outros her\u00f3is negros que infelizmente a historiografia oficial negou ou velou suas contribui\u00e7\u00f5es. E tamb\u00e9m, \u00e9 um momento em que a negritude eleva sua autoestima mostrando sua beleza e sua criatividade\u201d declara o padre Ivaldir Camaroti dos Reis, assessor arquidiocesano da Pastoral Afro-Brasileira.<\/p>\n","protected":false},"excerpt":{"rendered":"<p>Nesta ter\u00e7a-feira, 15, a Pastoral Afro-Brasileira da arquidiocese de Maring\u00e1 (PR) d\u00e1 in\u00edcio \u00e0 Semana da Consci\u00eancia Negra no dia 15 de novembro \u00e0s 19h30 na Capela S\u00e3o Bendito, ao lado da Pra\u00e7a Zumbi dos Palmares, em Maring\u00e1. Esse \u00e9 segundo ano que a missa \u00e9 celebrada para abrir as atividades da Semana. J\u00e1 no &hellip;<\/p>\n<p class=\"read-more\"> <a class=\"\" href=\"https:\/\/www.cnbb.org.br\/semana-da-consciencia-negra-em-maringa-2\/\"> <span class=\"screen-reader-text\">Semana da Consci\u00eancia Negra em Maring\u00e1<\/span> Leia mais &raquo;<\/a><\/p>\n","protected":false},"author":83,"featured_media":9790,"comment_status":"open","ping_status":"open","sticky":false,"template":"","format":"standard","meta":{"site-sidebar-layout":"default","site-content-layout":"default","ast-global-header-display":"","ast-banner-title-visibility":"","ast-main-header-display":"","ast-hfb-above-header-display":"","ast-hfb-below-header-display":"","ast-hfb-mobile-header-display":"","site-post-title":"","ast-breadcrumbs-content":"","ast-featured-img":"","footer-sml-layout":"","theme-transparent-header-meta":"","adv-header-id-meta":"","stick-header-meta":"","header-above-stick-meta":"","header-main-stick-meta":"","header-below-stick-meta":""},"categories":[851,766],"tags":[],"acf":[],"_links":{"self":[{"href":"https:\/\/www.cnbb.org.br\/cnbb-app\/wp\/v2\/posts\/20009"}],"collection":[{"href":"https:\/\/www.cnbb.org.br\/cnbb-app\/wp\/v2\/posts"}],"about":[{"href":"https:\/\/www.cnbb.org.br\/cnbb-app\/wp\/v2\/types\/post"}],"author":[{"embeddable":true,"href":"https:\/\/www.cnbb.org.br\/cnbb-app\/wp\/v2\/users\/83"}],"replies":[{"embeddable":true,"href":"https:\/\/www.cnbb.org.br\/cnbb-app\/wp\/v2\/comments?post=20009"}],"version-history":[{"count":0,"href":"https:\/\/www.cnbb.org.br\/cnbb-app\/wp\/v2\/posts\/20009\/revisions"}],"wp:featuredmedia":[{"embeddable":true,"href":"https:\/\/www.cnbb.org.br\/cnbb-app\/wp\/v2\/media\/9790"}],"wp:attachment":[{"href":"https:\/\/www.cnbb.org.br\/cnbb-app\/wp\/v2\/media?parent=20009"}],"wp:term":[{"taxonomy":"category","embeddable":true,"href":"https:\/\/www.cnbb.org.br\/cnbb-app\/wp\/v2\/categories?post=20009"},{"taxonomy":"post_tag","embeddable":true,"href":"https:\/\/www.cnbb.org.br\/cnbb-app\/wp\/v2\/tags?post=20009"}],"curies":[{"name":"wp","href":"https:\/\/api.w.org\/{rel}","templated":true}]}}