{"id":20020,"date":"2012-06-12T00:00:00","date_gmt":"2012-06-12T03:00:00","guid":{"rendered":"https:\/\/www.cnbb.org.br\/inscricoes-abertas-para-o-2o-encontro-da-pastoral-afro-brasileira-2\/"},"modified":"2012-06-12T00:00:00","modified_gmt":"2012-06-12T03:00:00","slug":"inscricoes-abertas-para-o-2o-encontro-da-pastoral-afro-brasileira-2","status":"publish","type":"post","link":"https:\/\/www.cnbb.org.br\/inscricoes-abertas-para-o-2o-encontro-da-pastoral-afro-brasileira-2\/","title":{"rendered":"Inscri\u00e7\u00f5es abertas para o 2\u00ba Encontro da Pastoral Afro-brasileira"},"content":{"rendered":"<p style=\"text-align: justify\">Est\u00e3o abertas as inscri\u00e7\u00f5es para o 2\u00ba Encontro da Pastoral Afro-brasileira que ser\u00e1 realizado em Maring\u00e1 (PR), no dia 8 de julho, e abordar\u00e1 o tema \u201cA miss\u00e3o da Pastoral Afro-Brasileira \u00e0 Luz do Conc\u00edlio Vaticano II\u201d.<\/p>\n<p><!--more--><\/p>\n<p style=\"text-align: justify\">Os organizadores afirmam que o encontro deve propiciar uma reflex\u00e3o acerca do papel e da atua\u00e7\u00e3o da pastoral na Igreja ap\u00f3s o Conc\u00edlio Ecum\u00eanico.<\/p>\n<p style=\"text-align: justify\">O evento acontecer\u00e1 no col\u00e9gio Santa Cruz em Maring\u00e1, com in\u00edcio \u00e0s 8h e t\u00e9rmino \u00e0s 17h. As inscri\u00e7\u00f5es podem ser feitas at\u00e9 o dia 25 de junho e custam R$10. Outras informa\u00e7\u00f5es pelo telefone: (44) 9884-7678 ou pelo e-mail pab_diocesemga@hotmail.com.<\/p>\n","protected":false},"excerpt":{"rendered":"<p>Est\u00e3o abertas as inscri\u00e7\u00f5es para o 2\u00ba Encontro da Pastoral Afro-brasileira que ser\u00e1 realizado em Maring\u00e1 (PR), no dia 8 de julho, e abordar\u00e1 o tema \u201cA miss\u00e3o da Pastoral Afro-Brasileira \u00e0 Luz do Conc\u00edlio Vaticano II\u201d.<\/p>\n","protected":false},"author":83,"featured_media":9779,"comment_status":"open","ping_status":"open","sticky":false,"template":"","format":"standard","meta":{"site-sidebar-layout":"default","site-content-layout":"default","ast-global-header-display":"","ast-banner-title-visibility":"","ast-main-header-display":"","ast-hfb-above-header-display":"","ast-hfb-below-header-display":"","ast-hfb-mobile-header-display":"","site-post-title":"","ast-breadcrumbs-content":"","ast-featured-img":"","footer-sml-layout":"","theme-transparent-header-meta":"","adv-header-id-meta":"","stick-header-meta":"","header-above-stick-meta":"","header-main-stick-meta":"","header-below-stick-meta":""},"categories":[851,766],"tags":[],"acf":[],"_links":{"self":[{"href":"https:\/\/www.cnbb.org.br\/cnbb-app\/wp\/v2\/posts\/20020"}],"collection":[{"href":"https:\/\/www.cnbb.org.br\/cnbb-app\/wp\/v2\/posts"}],"about":[{"href":"https:\/\/www.cnbb.org.br\/cnbb-app\/wp\/v2\/types\/post"}],"author":[{"embeddable":true,"href":"https:\/\/www.cnbb.org.br\/cnbb-app\/wp\/v2\/users\/83"}],"replies":[{"embeddable":true,"href":"https:\/\/www.cnbb.org.br\/cnbb-app\/wp\/v2\/comments?post=20020"}],"version-history":[{"count":0,"href":"https:\/\/www.cnbb.org.br\/cnbb-app\/wp\/v2\/posts\/20020\/revisions"}],"wp:featuredmedia":[{"embeddable":true,"href":"https:\/\/www.cnbb.org.br\/cnbb-app\/wp\/v2\/media\/9779"}],"wp:attachment":[{"href":"https:\/\/www.cnbb.org.br\/cnbb-app\/wp\/v2\/media?parent=20020"}],"wp:term":[{"taxonomy":"category","embeddable":true,"href":"https:\/\/www.cnbb.org.br\/cnbb-app\/wp\/v2\/categories?post=20020"},{"taxonomy":"post_tag","embeddable":true,"href":"https:\/\/www.cnbb.org.br\/cnbb-app\/wp\/v2\/tags?post=20020"}],"curies":[{"name":"wp","href":"https:\/\/api.w.org\/{rel}","templated":true}]}}