{"id":20043,"date":"2014-10-28T00:00:00","date_gmt":"2014-10-28T02:00:00","guid":{"rendered":"https:\/\/www.cnbb.org.br\/pastoral-afro-promove-romaria-a-aparecida-2\/"},"modified":"2014-10-28T00:00:00","modified_gmt":"2014-10-28T02:00:00","slug":"pastoral-afro-promove-romaria-a-aparecida-2","status":"publish","type":"post","link":"https:\/\/www.cnbb.org.br\/pastoral-afro-promove-romaria-a-aparecida-2\/","title":{"rendered":"Pastoral Afro promove Romaria a Aparecida"},"content":{"rendered":"<p style=\"text-align: justify\">A Pastoral Afro-brasileira da Confer\u00eancia Nacional dos Bispos do Brasil (CNBB) promove no dia 1\u00ba de novembro a XVIII Romaria das Comunidade Negras ao Santu\u00e1rio Nacional de Nossa Senhora Aparecida. O grupo pretende celebrar conquistas e fazer reflex\u00f5es sobre preconceito, discrimina\u00e7\u00e3o e promo\u00e7\u00e3o de igualdade racial para inclus\u00e3o e pol\u00edticas afirmativas em favor de negros e negras.<\/p>\n<p><!--more--><\/p>\n<p style=\"text-align: justify\">\u00a0<span style=\"line-height: 1.3em\">A Romaria tem como tema \u201cEscravos de ontem, exclu\u00eddos de hoje\u201d e o lema \u201cCom a m\u00e3e negra assumimos juntos este desafio\u201d. O evento abre as comemora\u00e7\u00f5es e atividades de celebra\u00e7\u00e3o do Dia da Consci\u00eancia Negra, 20 de novembro. H\u00e1 ainda a inten\u00e7\u00e3o de unir as entidades negras numa grande festa, chamada culturalmente <\/span><em style=\"line-height: 1.3em\">quizomba, <\/em><span style=\"line-height: 1.3em\">no m\u00eas em que a grande lideran\u00e7a afro-brasileira Zumbi dos Palmares \u00e9 lembrada.<\/span><\/p>\n<p style=\"text-align: justify\">A prepara\u00e7\u00e3o \u00e9 feita pelo grupo Afro-brasileiro Nam\u00edbia e pela Pastoral Afro-brasileira de Aparecida (SP).<\/p>\n<p style=\"text-align: justify\">Durante a romaria, tamb\u00e9m acontecer\u00e1 uma reuni\u00e3o em que os agentes ouvir\u00e3o uma mensagem do bispo de Paranagu\u00e1 (PR) e referencial para a Pastoral Afro-Brasileira, d<span style=\"line-height: 1.3em\">om Jo\u00e3o Alves dos Santos. Na ocasi\u00e3o haver\u00e1 a<\/span><span style=\"line-height: 1.3em\">presenta\u00e7\u00e3o e indica\u00e7\u00e3o do grupo coordenador da edi\u00e7\u00e3o de 2015 pelo assessor da Pastoral\u00a0<\/span><span style=\"line-height: 1.3em\">Afro-brasileira, padre Jurandyr Ara\u00fajo.<\/span><\/p>\n","protected":false},"excerpt":{"rendered":"<p>A Pastoral Afro-brasileira da Confer\u00eancia Nacional dos Bispos do Brasil (CNBB) promove no dia 1\u00ba de novembro a XVIII Romaria das Comunidade Negras ao Santu\u00e1rio Nacional de Nossa Senhora Aparecida. O grupo pretende celebrar conquistas e fazer reflex\u00f5es sobre preconceito, discrimina\u00e7\u00e3o e promo\u00e7\u00e3o de igualdade racial para inclus\u00e3o e pol\u00edticas afirmativas em favor de negros &hellip;<\/p>\n<p class=\"read-more\"> <a class=\"\" href=\"https:\/\/www.cnbb.org.br\/pastoral-afro-promove-romaria-a-aparecida-2\/\"> <span class=\"screen-reader-text\">Pastoral Afro promove Romaria a Aparecida<\/span> Leia mais &raquo;<\/a><\/p>\n","protected":false},"author":83,"featured_media":9853,"comment_status":"open","ping_status":"open","sticky":false,"template":"","format":"standard","meta":{"site-sidebar-layout":"default","site-content-layout":"default","ast-global-header-display":"","ast-banner-title-visibility":"","ast-main-header-display":"","ast-hfb-above-header-display":"","ast-hfb-below-header-display":"","ast-hfb-mobile-header-display":"","site-post-title":"","ast-breadcrumbs-content":"","ast-featured-img":"","footer-sml-layout":"","theme-transparent-header-meta":"","adv-header-id-meta":"","stick-header-meta":"","header-above-stick-meta":"","header-main-stick-meta":"","header-below-stick-meta":""},"categories":[851,766],"tags":[],"acf":[],"_links":{"self":[{"href":"https:\/\/www.cnbb.org.br\/cnbb-app\/wp\/v2\/posts\/20043"}],"collection":[{"href":"https:\/\/www.cnbb.org.br\/cnbb-app\/wp\/v2\/posts"}],"about":[{"href":"https:\/\/www.cnbb.org.br\/cnbb-app\/wp\/v2\/types\/post"}],"author":[{"embeddable":true,"href":"https:\/\/www.cnbb.org.br\/cnbb-app\/wp\/v2\/users\/83"}],"replies":[{"embeddable":true,"href":"https:\/\/www.cnbb.org.br\/cnbb-app\/wp\/v2\/comments?post=20043"}],"version-history":[{"count":0,"href":"https:\/\/www.cnbb.org.br\/cnbb-app\/wp\/v2\/posts\/20043\/revisions"}],"wp:featuredmedia":[{"embeddable":true,"href":"https:\/\/www.cnbb.org.br\/cnbb-app\/wp\/v2\/media\/9853"}],"wp:attachment":[{"href":"https:\/\/www.cnbb.org.br\/cnbb-app\/wp\/v2\/media?parent=20043"}],"wp:term":[{"taxonomy":"category","embeddable":true,"href":"https:\/\/www.cnbb.org.br\/cnbb-app\/wp\/v2\/categories?post=20043"},{"taxonomy":"post_tag","embeddable":true,"href":"https:\/\/www.cnbb.org.br\/cnbb-app\/wp\/v2\/tags?post=20043"}],"curies":[{"name":"wp","href":"https:\/\/api.w.org\/{rel}","templated":true}]}}