{"id":20086,"date":"2011-05-30T00:00:00","date_gmt":"2011-05-30T03:00:00","guid":{"rendered":"https:\/\/www.cnbb.org.br\/bispo-de-aracatuba-participa-do-1o-retiro-diocesano-da-pastoral-carceraria\/"},"modified":"2011-05-30T00:00:00","modified_gmt":"2011-05-30T03:00:00","slug":"bispo-de-aracatuba-participa-do-1o-retiro-diocesano-da-pastoral-carceraria","status":"publish","type":"post","link":"https:\/\/www.cnbb.org.br\/bispo-de-aracatuba-participa-do-1o-retiro-diocesano-da-pastoral-carceraria\/","title":{"rendered":"Bispo de Ara\u00e7atuba participa do 1\u00ba Retiro Diocesano da Pastoral Carcer\u00e1ria"},"content":{"rendered":"<p style=\"text-align: justify\">A Pastoral Carcer\u00e1ria da diocese Ara\u00e7atuba (SP), realizou seu 1\u00ba retiro, na manh\u00e3 de domingo, 29, no Centro Diocesano de Pastoral. Abrindo o encontro, padre Valdir Silvestre, assessor da pastoral, acolheu todos participantes.<\/p>\n<p><!--more--><\/p>\n<p style=\"text-align: justify\">O bispo de Ara\u00e7atuba, dom S\u00e9rgio Krzywy, fez uma profunda reflex\u00e3o pastoral por meio de passagens b\u00edblicas e ora\u00e7\u00e3o.<\/p>\n<p style=\"text-align: justify\">Em uma das reflex\u00f5es, feita por Maria Helena, uma das veteranas da pastoral, expressou: &#8220;cada vez que vou visitar os encarcerados, sei que encontrarei Jesus em cada um deles. O Cristo sofredor. \u00c9 esta certeza que me move ir at\u00e9 a cadeia p\u00fablica, h\u00e1 quase 20 anos, baseada na palavra (Mateus 25, 36) que diz &#8220;&#8230;pois estava preso e vieste me visitar!&#8221;<\/p>\n<p style=\"text-align: justify\">Depois, divididos em grupos, os agentes puderam conversar sobre os mist\u00e9rios dolorosos do ter\u00e7o mariano, trazendo-os para a realidade da pastoral nos dias de hoje.<\/p>\n<p style=\"text-align: justify\"><img decoding=\"async\" loading=\"lazy\" class=\" alignleft size-full wp-image-10024\" style=\"float: left\" src=\"https:\/\/www.cnbb.org.br\/wp-content\/uploads\/2020\/03\/retirodiocesanodapc.jpg\" alt=\"retirodiocesanodapc\" width=\"300\" height=\"200\" \/>J\u00e1 na sala de reuni\u00f5es, novos grupos foram formados, com o objetivo de dialogarem sobre os pontos que contribuem para a articula\u00e7\u00e3o da Pastoral Carcer\u00e1ria na diocese.<\/p>\n<p style=\"text-align: justify\">Na missa, momento de encerramento do retiro, dom S\u00e9rgio parabenizou mais uma vez todos os agentes e afirmou que \u201c\u00e9 por Cristo que nos empenhamos e nos ajudamos mutuamente. Que sejamos incans\u00e1veis no An\u00fancio da Boa Nova\u201d.<\/p>\n","protected":false},"excerpt":{"rendered":"<p>A Pastoral Carcer\u00e1ria da diocese Ara\u00e7atuba (SP), realizou seu 1\u00ba retiro, na manh\u00e3 de domingo, 29, no Centro Diocesano de Pastoral. Abrindo o encontro, padre Valdir Silvestre, assessor da pastoral, acolheu todos participantes.<\/p>\n","protected":false},"author":83,"featured_media":20087,"comment_status":"open","ping_status":"open","sticky":false,"template":"","format":"standard","meta":{"site-sidebar-layout":"default","site-content-layout":"default","ast-global-header-display":"","ast-banner-title-visibility":"","ast-main-header-display":"","ast-hfb-above-header-display":"","ast-hfb-below-header-display":"","ast-hfb-mobile-header-display":"","site-post-title":"","ast-breadcrumbs-content":"","ast-featured-img":"","footer-sml-layout":"","theme-transparent-header-meta":"","adv-header-id-meta":"","stick-header-meta":"","header-above-stick-meta":"","header-main-stick-meta":"","header-below-stick-meta":""},"categories":[767,766],"tags":[],"acf":[],"_links":{"self":[{"href":"https:\/\/www.cnbb.org.br\/cnbb-app\/wp\/v2\/posts\/20086"}],"collection":[{"href":"https:\/\/www.cnbb.org.br\/cnbb-app\/wp\/v2\/posts"}],"about":[{"href":"https:\/\/www.cnbb.org.br\/cnbb-app\/wp\/v2\/types\/post"}],"author":[{"embeddable":true,"href":"https:\/\/www.cnbb.org.br\/cnbb-app\/wp\/v2\/users\/83"}],"replies":[{"embeddable":true,"href":"https:\/\/www.cnbb.org.br\/cnbb-app\/wp\/v2\/comments?post=20086"}],"version-history":[{"count":0,"href":"https:\/\/www.cnbb.org.br\/cnbb-app\/wp\/v2\/posts\/20086\/revisions"}],"wp:featuredmedia":[{"embeddable":true,"href":"https:\/\/www.cnbb.org.br\/cnbb-app\/wp\/v2\/media\/20087"}],"wp:attachment":[{"href":"https:\/\/www.cnbb.org.br\/cnbb-app\/wp\/v2\/media?parent=20086"}],"wp:term":[{"taxonomy":"category","embeddable":true,"href":"https:\/\/www.cnbb.org.br\/cnbb-app\/wp\/v2\/categories?post=20086"},{"taxonomy":"post_tag","embeddable":true,"href":"https:\/\/www.cnbb.org.br\/cnbb-app\/wp\/v2\/tags?post=20086"}],"curies":[{"name":"wp","href":"https:\/\/api.w.org\/{rel}","templated":true}]}}