{"id":20097,"date":"2012-08-08T00:00:00","date_gmt":"2012-08-08T03:00:00","guid":{"rendered":"https:\/\/www.cnbb.org.br\/pastoral-carceraria-lanca-nova-logomarca-site-e-uma-rede-social\/"},"modified":"2012-08-08T00:00:00","modified_gmt":"2012-08-08T03:00:00","slug":"pastoral-carceraria-lanca-nova-logomarca-site-e-uma-rede-social","status":"publish","type":"post","link":"https:\/\/www.cnbb.org.br\/pastoral-carceraria-lanca-nova-logomarca-site-e-uma-rede-social\/","title":{"rendered":"Pastoral Carcer\u00e1ria lan\u00e7a nova logomarca, site e uma rede social"},"content":{"rendered":"<p style=\"text-align: justify\">A Pastoral Carcer\u00e1ria, com o objetivo de inaugurar uma nova fase de comunica\u00e7\u00e3o para a divulga\u00e7\u00e3o de seu trabalho e intera\u00e7\u00e3o entre suas equipes, est\u00e1 lan\u00e7ando nesta semana nova logomarca, website e rede social.<\/p>\n<p><!--more--><\/p>\n<p style=\"text-align: justify\">A logomarca foi inspirada na ess\u00eancia e base dos servi\u00e7os que a Pastoral presta aos presos do pa\u00eds, alinhada ao seu slogan: \u201cEstive preso e vieste me visitar\u201d. O processo de cria\u00e7\u00e3o foi acompanhado e aprovado por agentes da Pastoral de todo o Brasil e a logomarca j\u00e1 come\u00e7a a ser aplicada aos materiais de circula\u00e7\u00e3o interna e externa da Pastoral.<\/p>\n<p style=\"text-align: justify\">O site, dispon\u00edvel pelo endere\u00e7o <a href=\"http:\/\/carceraria.org.br\/\" target=\"_blank\" rel=\"noopener\">www.carceraria.org.br<\/a>, traz todas as informa\u00e7\u00f5es sobre a Pastoral Carcer\u00e1ria e oferece diversos conte\u00fados de apoio, como apostilas e v\u00eddeos, voltados n\u00e3o somente \u00e0s equipes da Pastoral na presta\u00e7\u00e3o de assist\u00eancia religiosa a presos e presas, mas tamb\u00e9m \u00e0queles que se interessam por temas como direitos humanos e seguran\u00e7a p\u00fablica. A principal novidade \u00e9 um sistema de campanhas por meio do qual os visitantes podem participar de abaixo-assinados on-line e peti\u00e7\u00f5es \u2014 a primeira lan\u00e7ada visa a alterar o Projeto de Lei 2442\/2011, para dar independ\u00eancia ao Mecanismo Nacional de Preven\u00e7\u00e3o \u00e0 Tortura. O site est\u00e1 integrado \u00e0s redes sociais Twitter e Facebook e todo o conte\u00fado pode ser compartilhado.<\/p>\n<p style=\"text-align: justify\">A Pastoral Carcer\u00e1ria tamb\u00e9m est\u00e1 lan\u00e7ando a rede social <a href=\"http:\/\/pcrn.org.br\/\" target=\"_blank\" rel=\"noopener\">pcrn.org.br<\/a> para integrar suas equipes regionais num ambiente colaborativo para a partilha de experi\u00eancias. Nela \u00e9 poss\u00edvel conectar-se, sem a necessidade de cadastro, com uma conta pessoal do Facebook, Twitter, Yahoo ou Google e as intera\u00e7\u00f5es s\u00e3o automaticamente publicadas nessas redes. Os participantes recebem um perfil com blog, acesso multim\u00eddia (para v\u00eddeos e fotos) e podem interagir nos f\u00f3runs, grupos de estudo e chat ao vivo. A coordena\u00e7\u00e3o nacional est\u00e1 aos poucos motivando e organizando os participantes para que a rede social se torne sua principal forma de comunica\u00e7\u00e3o interna.<\/p>\n<p style=\"text-align: justify\">Todo o projeto foi desenvolvido com o suporte da empresa Minha Par\u00f3quia, que atua no desenvolvimento de tecnologias para a Igreja Cat\u00f3lica, e foi coordenado pela assessoria de comunica\u00e7\u00e3o da Pastoral Carcer\u00e1ria.<\/p>\n","protected":false},"excerpt":{"rendered":"<p>A Pastoral Carcer\u00e1ria, com o objetivo de inaugurar uma nova fase de comunica\u00e7\u00e3o para a divulga\u00e7\u00e3o de seu trabalho e intera\u00e7\u00e3o entre suas equipes, est\u00e1 lan\u00e7ando nesta semana nova logomarca, website e rede social.<\/p>\n","protected":false},"author":83,"featured_media":2047,"comment_status":"open","ping_status":"open","sticky":false,"template":"","format":"standard","meta":{"site-sidebar-layout":"default","site-content-layout":"default","ast-global-header-display":"","ast-banner-title-visibility":"","ast-main-header-display":"","ast-hfb-above-header-display":"","ast-hfb-below-header-display":"","ast-hfb-mobile-header-display":"","site-post-title":"","ast-breadcrumbs-content":"","ast-featured-img":"","footer-sml-layout":"","theme-transparent-header-meta":"","adv-header-id-meta":"","stick-header-meta":"","header-above-stick-meta":"","header-main-stick-meta":"","header-below-stick-meta":""},"categories":[767,766],"tags":[],"acf":[],"_links":{"self":[{"href":"https:\/\/www.cnbb.org.br\/cnbb-app\/wp\/v2\/posts\/20097"}],"collection":[{"href":"https:\/\/www.cnbb.org.br\/cnbb-app\/wp\/v2\/posts"}],"about":[{"href":"https:\/\/www.cnbb.org.br\/cnbb-app\/wp\/v2\/types\/post"}],"author":[{"embeddable":true,"href":"https:\/\/www.cnbb.org.br\/cnbb-app\/wp\/v2\/users\/83"}],"replies":[{"embeddable":true,"href":"https:\/\/www.cnbb.org.br\/cnbb-app\/wp\/v2\/comments?post=20097"}],"version-history":[{"count":0,"href":"https:\/\/www.cnbb.org.br\/cnbb-app\/wp\/v2\/posts\/20097\/revisions"}],"wp:featuredmedia":[{"embeddable":true,"href":"https:\/\/www.cnbb.org.br\/cnbb-app\/wp\/v2\/media\/2047"}],"wp:attachment":[{"href":"https:\/\/www.cnbb.org.br\/cnbb-app\/wp\/v2\/media?parent=20097"}],"wp:term":[{"taxonomy":"category","embeddable":true,"href":"https:\/\/www.cnbb.org.br\/cnbb-app\/wp\/v2\/categories?post=20097"},{"taxonomy":"post_tag","embeddable":true,"href":"https:\/\/www.cnbb.org.br\/cnbb-app\/wp\/v2\/tags?post=20097"}],"curies":[{"name":"wp","href":"https:\/\/api.w.org\/{rel}","templated":true}]}}