{"id":20157,"date":"2010-02-12T00:00:00","date_gmt":"2010-02-12T02:00:00","guid":{"rendered":"https:\/\/www.cnbb.org.br\/dr-nelson-arns-e-o-novo-coordenador-internacional-da-pastoral-da-crianca\/"},"modified":"2010-02-12T00:00:00","modified_gmt":"2010-02-12T02:00:00","slug":"dr-nelson-arns-e-o-novo-coordenador-internacional-da-pastoral-da-crianca","status":"publish","type":"post","link":"https:\/\/www.cnbb.org.br\/dr-nelson-arns-e-o-novo-coordenador-internacional-da-pastoral-da-crianca\/","title":{"rendered":"Dr. Nelson Arns \u00e9 o novo coordenador Internacional da Pastoral da Crian\u00e7a"},"content":{"rendered":"<p style=\"text-align: justify\">Dr Nelson Arns, filho da fundadora da Pastoral da Crian\u00e7a, \u00e9 o novo coordenador internacional da Pastoral. Ele foi nomeado no dia 1\u00ba de fevereiro. A indica\u00e7\u00e3o do nome do Dr. Nelson foi ratificada pelo arcebispo de Salvador (BA) o cardeal dom Geraldo Majella Agnelo \u2013 Fundador e membro do conselho diretor da Pastoral da Crian\u00e7a Internacional conforme preveem os Estatutos da Pastoral da Crian\u00e7a Internacional.<\/p>\n<p>  <!--more-->  <\/p>\n<p style=\"text-align: justify\">Estiveram presentes nesta reuni\u00e3o os seguintes membros: Monsenhor Luis del Castillo \u2013bispo Em\u00e9rito de Melo, Maria Laura Bulanti e o Maurilio Leopoldo Schmitt que aprovaram por unanimidade a indica\u00e7\u00e3o do Dr. Nelson.<\/p>\n<p style=\"text-align: justify\">Nelson Arns Neumann, 44 anos, casado, nasceu em Curitiba, possui gradua\u00e7\u00e3o em Medicina pela Universidade Federal do Paran\u00e1 (1988), mestrado em Epidemiologia pela Universidade Federal de Pelotas (1997) e doutorado em Sa\u00fade P\u00fablica pela Universidade de S\u00e3o Paulo (2000). Atuou como m\u00e9dico, mission\u00e1rio leigo, na diocese de Bacabal (MA), em 1988 e 1989. Desde 1990 \u00e9 Coordenador Nacional Adjunto da Pastoral da Crian\u00e7a &#8211; Organismo de A\u00e7\u00e3o Social da Confer\u00eancia Nacional de Bispos do Brasil (CNBB).<\/p>\n","protected":false},"excerpt":{"rendered":"<p>Dr Nelson Arns, filho da fundadora da Pastoral da Crian\u00e7a, \u00e9 o novo coordenador internacional da Pastoral. Ele foi nomeado no dia 1\u00ba de fevereiro. A indica\u00e7\u00e3o do nome do Dr. Nelson foi ratificada pelo arcebispo de Salvador (BA) o cardeal dom Geraldo Majella Agnelo \u2013 Fundador e membro do conselho diretor da Pastoral da &hellip;<\/p>\n<p class=\"read-more\"> <a class=\"\" href=\"https:\/\/www.cnbb.org.br\/dr-nelson-arns-e-o-novo-coordenador-internacional-da-pastoral-da-crianca\/\"> <span class=\"screen-reader-text\">Dr. Nelson Arns \u00e9 o novo coordenador Internacional da Pastoral da Crian\u00e7a<\/span> Leia mais &raquo;<\/a><\/p>\n","protected":false},"author":83,"featured_media":20158,"comment_status":"open","ping_status":"open","sticky":false,"template":"","format":"standard","meta":{"site-sidebar-layout":"default","site-content-layout":"default","ast-global-header-display":"","ast-banner-title-visibility":"","ast-main-header-display":"","ast-hfb-above-header-display":"","ast-hfb-below-header-display":"","ast-hfb-mobile-header-display":"","site-post-title":"","ast-breadcrumbs-content":"","ast-featured-img":"","footer-sml-layout":"","theme-transparent-header-meta":"","adv-header-id-meta":"","stick-header-meta":"","header-above-stick-meta":"","header-main-stick-meta":"","header-below-stick-meta":""},"categories":[779,766],"tags":[],"acf":[],"_links":{"self":[{"href":"https:\/\/www.cnbb.org.br\/cnbb-app\/wp\/v2\/posts\/20157"}],"collection":[{"href":"https:\/\/www.cnbb.org.br\/cnbb-app\/wp\/v2\/posts"}],"about":[{"href":"https:\/\/www.cnbb.org.br\/cnbb-app\/wp\/v2\/types\/post"}],"author":[{"embeddable":true,"href":"https:\/\/www.cnbb.org.br\/cnbb-app\/wp\/v2\/users\/83"}],"replies":[{"embeddable":true,"href":"https:\/\/www.cnbb.org.br\/cnbb-app\/wp\/v2\/comments?post=20157"}],"version-history":[{"count":0,"href":"https:\/\/www.cnbb.org.br\/cnbb-app\/wp\/v2\/posts\/20157\/revisions"}],"wp:featuredmedia":[{"embeddable":true,"href":"https:\/\/www.cnbb.org.br\/cnbb-app\/wp\/v2\/media\/20158"}],"wp:attachment":[{"href":"https:\/\/www.cnbb.org.br\/cnbb-app\/wp\/v2\/media?parent=20157"}],"wp:term":[{"taxonomy":"category","embeddable":true,"href":"https:\/\/www.cnbb.org.br\/cnbb-app\/wp\/v2\/categories?post=20157"},{"taxonomy":"post_tag","embeddable":true,"href":"https:\/\/www.cnbb.org.br\/cnbb-app\/wp\/v2\/tags?post=20157"}],"curies":[{"name":"wp","href":"https:\/\/api.w.org\/{rel}","templated":true}]}}