{"id":20170,"date":"2010-11-17T00:00:00","date_gmt":"2010-11-17T02:00:00","guid":{"rendered":"https:\/\/www.cnbb.org.br\/pastoral-da-crianca-celebra-dia-mundial-de-oracao-e-acao-pela-crianca\/"},"modified":"2010-11-17T00:00:00","modified_gmt":"2010-11-17T02:00:00","slug":"pastoral-da-crianca-celebra-dia-mundial-de-oracao-e-acao-pela-crianca","status":"publish","type":"post","link":"https:\/\/www.cnbb.org.br\/pastoral-da-crianca-celebra-dia-mundial-de-oracao-e-acao-pela-crianca\/","title":{"rendered":"Pastoral da Crian\u00e7a celebra Dia Mundial de Ora\u00e7\u00e3o e A\u00e7\u00e3o pela Crian\u00e7a"},"content":{"rendered":"<p style=\"text-align: justify\">A Pastoral da Crian\u00e7a em parceria com a Rede Global de Religi\u00f5es pelas Crian\u00e7as (GNRC) vai celebrar no pr\u00f3ximo s\u00e1bado, 20, em quatro capitais brasileiras: Bras\u00edlia, S\u00e3o Paulo, Porto Alegre e Bel\u00e9m, o Dia Mundial de Ora\u00e7\u00e3o e A\u00e7\u00e3o pela Crian\u00e7a.<\/p>\n<p>  <!--more-->  <\/p>\n<p style=\"text-align: justify\">O tema no Brasil este ano ser\u00e1 \u201cReduzir a viol\u00eancia, a pobreza, e construir a paz\u201d.\u00a0 A Pastoral da Crian\u00e7a, que integra a GNRC, mobilizou a sua rede de mais de 260 mil volunt\u00e1rios e 1,4 milh\u00e3o de fam\u00edlias brasileiras acompanhadas em todos os estados brasileiros. Para isso, foi impressa a ora\u00e7\u00e3o em folhetos e cartazes e, tamb\u00e9m impressa no Jornal da Pastoral da Crian\u00e7a no m\u00eas de novembro, que ser\u00e1 rezada nas 1,4 milh\u00e3o de visitas domiciliares realizadas pelos volunt\u00e1rios da Pastoral da Crian\u00e7a, no m\u00eas de novembro, e tamb\u00e9m nas 42 mil Celebra\u00e7\u00f5es da Vida, dia em que as crian\u00e7as s\u00e3o pesadas nas comunidades.<\/p>\n<p style=\"text-align: justify\">A data foi institu\u00edda durante o 3\u00ba F\u00f3rum da GNRC realizado em Hiroshima, no Jap\u00e3o, em maio de 2008. A proposta \u00e9 direcionar, neste dia, todos os anos, ora\u00e7\u00f5es e a\u00e7\u00f5es, sejam elas pessoais ou em grupos inter-religiosos para a prote\u00e7\u00e3o dos direitos e a promo\u00e7\u00e3o do bem-estar das crian\u00e7as. O dia 20 de novembro foi escolhido por ser o Dia Internacional da Inf\u00e2ncia, data em que foi proclamada a Conven\u00e7\u00e3o sobre os Direitos da Crian\u00e7a pela Organiza\u00e7\u00e3o das Na\u00e7\u00f5es Unidas (ONU).<\/p>\n<p style=\"text-align: justify\"><a title=\"link\" href=\"http:\/\/cnbbjoomla.sitesparresia.com\/wp-content\/uploads\/sites\/85\/2010\/11\/Programao_nas_cidades.doc\" target=\"_blank\" rel=\"noopener\"><span style=\"text-decoration: underline\"><span style=\"color: #ff0000\">Confira a programa\u00e7\u00e3o nas cidades<\/span><\/span><\/a><\/p>\n","protected":false},"excerpt":{"rendered":"<p>A Pastoral da Crian\u00e7a em parceria com a Rede Global de Religi\u00f5es pelas Crian\u00e7as (GNRC) vai celebrar no pr\u00f3ximo s\u00e1bado, 20, em quatro capitais brasileiras: Bras\u00edlia, S\u00e3o Paulo, Porto Alegre e Bel\u00e9m, o Dia Mundial de Ora\u00e7\u00e3o e A\u00e7\u00e3o pela Crian\u00e7a.<\/p>\n","protected":false},"author":83,"featured_media":20171,"comment_status":"open","ping_status":"open","sticky":false,"template":"","format":"standard","meta":{"site-sidebar-layout":"default","site-content-layout":"default","ast-global-header-display":"","ast-banner-title-visibility":"","ast-main-header-display":"","ast-hfb-above-header-display":"","ast-hfb-below-header-display":"","ast-hfb-mobile-header-display":"","site-post-title":"","ast-breadcrumbs-content":"","ast-featured-img":"","footer-sml-layout":"","theme-transparent-header-meta":"","adv-header-id-meta":"","stick-header-meta":"","header-above-stick-meta":"","header-main-stick-meta":"","header-below-stick-meta":""},"categories":[779,766],"tags":[],"acf":[],"_links":{"self":[{"href":"https:\/\/www.cnbb.org.br\/cnbb-app\/wp\/v2\/posts\/20170"}],"collection":[{"href":"https:\/\/www.cnbb.org.br\/cnbb-app\/wp\/v2\/posts"}],"about":[{"href":"https:\/\/www.cnbb.org.br\/cnbb-app\/wp\/v2\/types\/post"}],"author":[{"embeddable":true,"href":"https:\/\/www.cnbb.org.br\/cnbb-app\/wp\/v2\/users\/83"}],"replies":[{"embeddable":true,"href":"https:\/\/www.cnbb.org.br\/cnbb-app\/wp\/v2\/comments?post=20170"}],"version-history":[{"count":0,"href":"https:\/\/www.cnbb.org.br\/cnbb-app\/wp\/v2\/posts\/20170\/revisions"}],"wp:featuredmedia":[{"embeddable":true,"href":"https:\/\/www.cnbb.org.br\/cnbb-app\/wp\/v2\/media\/20171"}],"wp:attachment":[{"href":"https:\/\/www.cnbb.org.br\/cnbb-app\/wp\/v2\/media?parent=20170"}],"wp:term":[{"taxonomy":"category","embeddable":true,"href":"https:\/\/www.cnbb.org.br\/cnbb-app\/wp\/v2\/categories?post=20170"},{"taxonomy":"post_tag","embeddable":true,"href":"https:\/\/www.cnbb.org.br\/cnbb-app\/wp\/v2\/tags?post=20170"}],"curies":[{"name":"wp","href":"https:\/\/api.w.org\/{rel}","templated":true}]}}