{"id":20173,"date":"2011-04-06T00:00:00","date_gmt":"2011-04-06T03:00:00","guid":{"rendered":"https:\/\/www.cnbb.org.br\/pastoral-da-crianca-celebra-25-anos-de-presenca-na-diocese-de-caxias-do-sul\/"},"modified":"2011-04-06T00:00:00","modified_gmt":"2011-04-06T03:00:00","slug":"pastoral-da-crianca-celebra-25-anos-de-presenca-na-diocese-de-caxias-do-sul","status":"publish","type":"post","link":"https:\/\/www.cnbb.org.br\/pastoral-da-crianca-celebra-25-anos-de-presenca-na-diocese-de-caxias-do-sul\/","title":{"rendered":"Pastoral da Crian\u00e7a celebra 25 anos de presen\u00e7a na diocese de Caxias do Sul"},"content":{"rendered":"<p style=\"text-align: justify\">A Pastoral da Crian\u00e7a presente na diocese de Caxias do Sul (RS) comemora 25 anos de atua\u00e7\u00e3o. No domingo, 10, haver\u00e1 um encontro das lideran\u00e7as e animadores que fizeram e fazem parte da miss\u00e3o ao longo destes 25 anos. O encontro ser\u00e1 um dia de espiritualidade, de celebra\u00e7\u00e3o e de louva\u00e7\u00e3o que vai acontecer no Santu\u00e1rio de Nossa Senhora de Caravaggio, padroeira da diocese.<\/p>\n<p>  <!--more-->  <\/p>\n<p style=\"text-align: justify\">O bispo diocesano, dom Paulo Moretto, vai presidir a missa que ser\u00e1 transmitida pela R\u00e1dio Miriam. O tema da reflex\u00e3o durante o dia, animado pela coordena\u00e7\u00e3o diocesana de pastoral \u00e9 &#8220;A Palavra de Deus na miss\u00e3o da Pastoral da Crian\u00e7a&#8221;.  O in\u00edcio do encontro est\u00e1 previsto para \u00e0s 9h e ser\u00e1 conclu\u00eddo \u00e0s 17h com a participa\u00e7\u00e3o da Pastoral da Crian\u00e7a na anima\u00e7\u00e3o do 3\u00ba domingo da novena em prepara\u00e7\u00e3o \u00e0 132\u00aa festa de Nossa Senhora de Caravaggio.<\/p>\n<p style=\"text-align: justify\">\u201cA caminhada da Pastoral da Crian\u00e7a na diocese de Caxias do Sul \u00e9 repleta de hist\u00f3rias, de esperan\u00e7as, de conquistas, de supera\u00e7\u00e3o das dificuldades e de  transforma\u00e7\u00e3o da realidade. Ao completar o jubileu dos 25 anos da Pastoral da Crian\u00e7a, louvamos e bendizemos a Deus pelas gra\u00e7as derramadas e pelo bem realizado e pela solidariedade com tantas crian\u00e7as, fam\u00edlias e lideran\u00e7as\u201d, destacou o  coordenador diocesano de Pastoral padre Gilmar Marchesini, sobre a data.<\/p>\n<p style=\"text-align: justify\">Na diocese de Caxias do Sul a Pastoral da Crian\u00e7a est\u00e1 presente em 12 munic\u00edpios, 31 par\u00f3quias, 112 comunidades. Fazem parte deste mutir\u00e3o 310 lideres. S\u00e3o atendidas mais de 3.500 fam\u00edlias. Est\u00e3o cadastradas em torno de 4 mil crian\u00e7as.<\/p>\n","protected":false},"excerpt":{"rendered":"<p>A Pastoral da Crian\u00e7a presente na diocese de Caxias do Sul (RS) comemora 25 anos de atua\u00e7\u00e3o. No domingo, 10, haver\u00e1 um encontro das lideran\u00e7as e animadores que fizeram e fazem parte da miss\u00e3o ao longo destes 25 anos. O encontro ser\u00e1 um dia de espiritualidade, de celebra\u00e7\u00e3o e de louva\u00e7\u00e3o que vai acontecer no &hellip;<\/p>\n<p class=\"read-more\"> <a class=\"\" href=\"https:\/\/www.cnbb.org.br\/pastoral-da-crianca-celebra-25-anos-de-presenca-na-diocese-de-caxias-do-sul\/\"> <span class=\"screen-reader-text\">Pastoral da Crian\u00e7a celebra 25 anos de presen\u00e7a na diocese de Caxias do Sul<\/span> Leia mais &raquo;<\/a><\/p>\n","protected":false},"author":83,"featured_media":20166,"comment_status":"open","ping_status":"open","sticky":false,"template":"","format":"standard","meta":{"site-sidebar-layout":"default","site-content-layout":"default","ast-global-header-display":"","ast-banner-title-visibility":"","ast-main-header-display":"","ast-hfb-above-header-display":"","ast-hfb-below-header-display":"","ast-hfb-mobile-header-display":"","site-post-title":"","ast-breadcrumbs-content":"","ast-featured-img":"","footer-sml-layout":"","theme-transparent-header-meta":"","adv-header-id-meta":"","stick-header-meta":"","header-above-stick-meta":"","header-main-stick-meta":"","header-below-stick-meta":""},"categories":[779,766],"tags":[],"acf":[],"_links":{"self":[{"href":"https:\/\/www.cnbb.org.br\/cnbb-app\/wp\/v2\/posts\/20173"}],"collection":[{"href":"https:\/\/www.cnbb.org.br\/cnbb-app\/wp\/v2\/posts"}],"about":[{"href":"https:\/\/www.cnbb.org.br\/cnbb-app\/wp\/v2\/types\/post"}],"author":[{"embeddable":true,"href":"https:\/\/www.cnbb.org.br\/cnbb-app\/wp\/v2\/users\/83"}],"replies":[{"embeddable":true,"href":"https:\/\/www.cnbb.org.br\/cnbb-app\/wp\/v2\/comments?post=20173"}],"version-history":[{"count":0,"href":"https:\/\/www.cnbb.org.br\/cnbb-app\/wp\/v2\/posts\/20173\/revisions"}],"wp:featuredmedia":[{"embeddable":true,"href":"https:\/\/www.cnbb.org.br\/cnbb-app\/wp\/v2\/media\/20166"}],"wp:attachment":[{"href":"https:\/\/www.cnbb.org.br\/cnbb-app\/wp\/v2\/media?parent=20173"}],"wp:term":[{"taxonomy":"category","embeddable":true,"href":"https:\/\/www.cnbb.org.br\/cnbb-app\/wp\/v2\/categories?post=20173"},{"taxonomy":"post_tag","embeddable":true,"href":"https:\/\/www.cnbb.org.br\/cnbb-app\/wp\/v2\/tags?post=20173"}],"curies":[{"name":"wp","href":"https:\/\/api.w.org\/{rel}","templated":true}]}}