{"id":20193,"date":"2011-12-23T00:00:00","date_gmt":"2011-12-23T02:00:00","guid":{"rendered":"https:\/\/www.cnbb.org.br\/representantes-da-pastora-da-crianca-divulgam-mensagens-de-natal\/"},"modified":"2011-12-23T00:00:00","modified_gmt":"2011-12-23T02:00:00","slug":"representantes-da-pastora-da-crianca-divulgam-mensagens-de-natal","status":"publish","type":"post","link":"https:\/\/www.cnbb.org.br\/representantes-da-pastora-da-crianca-divulgam-mensagens-de-natal\/","title":{"rendered":"Representantes da Pastoral da Crian\u00e7a divulgam mensagens de Natal"},"content":{"rendered":"<p style=\"text-align: justify\">&#8220;O Natal foi o dia do nascimento mais esperado da hist\u00f3ria da humanidade&#8221;. Este \u00e9 um trecho da mensagem natalina divulgada na \u00faltima ter\u00e7a-feira, 20, pela Pastoral da Crian\u00e7a.<\/p>\n<p>  <!--more-->  <\/p>\n<p style=\"text-align: justify\">&#8220;Celebrar o Natal do Senhor desperta em n\u00f3s os sentimentos mais diversos, que v\u00e3o desde a gratid\u00e3o ao Senhor at\u00e9 o compromisso com o cuidado pela vida. Somos renovados em nossas mais profundas esperan\u00e7as, pois n\u00e3o estamos mais sozinhos. Garante-se o triunfo do amor sobre o \u00f3dio, da vida sobre a morte. O Natal inspira-nos a viver no amor porque nos faz sentir o quanto Deus nos ama&#8221;, l\u00ea-se no site da institui\u00e7\u00e3o.<\/p>\n<p style=\"text-align: justify\">A mensagem recorda ainda a Campanha da Fraternidade 2012, &#8220;Que a sa\u00fade se difunda sobre a Terra&#8221;, que deve inspirar o trabalho dos membros da Pastoral no dia-a-dia, para que possam contribuir para o desenvolvimento integral da inf\u00e2ncia. &#8220;Essa \u00e9 a miss\u00e3o da Pastoral da Crian\u00e7a!&#8221;.<\/p>\n<p style=\"text-align: justify\"><strong>Leia abaixo a mensagem da coordenadora nacional da Pastoral da Crian\u00e7a:<\/strong><\/p>\n<p style=\"text-align: justify\">&#8220;Quantas coisas lindas temos para oferecer ao Menino Jesus, como os Reis Magos, que ofereceram incenso, ouro e mirra. Estou aqui imaginando, quantas visitas feiras, celebra\u00e7\u00f5es da vida, reuni\u00e3o para avaliar, planejar, celebrar a vida de cada crian\u00e7a e gestante! Isso \u00e9 Natal, festa da fam\u00edlia! Festa da vida, de reunir os amigos e as pessoas que souberam fazer e construir hist\u00f3rias de vida e de salva\u00e7\u00e3o conosco neste ano.<\/p>\n<p style=\"text-align: justify\">Natal \u00e9 um acontecimento que deve tocar a cada um de n\u00f3s, chamando-nos a um momento novo, a respostas novas, a uma profunda convers\u00e3o do nosso cora\u00e7\u00e3o, pois enquanto houver gente necessitada entre n\u00f3s, crian\u00e7as e gestantes passando necessidade, ainda precisamos pensar que esse Jesus Menino, ainda clama por uma estrebaria digna onde nascer.<\/p>\n<p style=\"text-align: justify\">Vamos imaginar em que lugar o nosso Menino Jesus nasceu. Em meio \u00e0s moscas, esterco, lugar federento, nem cama, nem ber\u00e7o, nem rede. Um cocho de palha babado pelos animais. Ali estava deitado o Menino Deus, t\u00e3o fr\u00e1gil. E aqueles pastores maltrapilhos em volta dele, com os olhos brilhantes, fazendo a sua contempla\u00e7\u00e3o. Imagino eu, que cen\u00e1rio n\u00e3o deveria ser aquele&#8230;<\/p>\n<p style=\"text-align: justify\">No meio a toda aquela mis\u00e9ria, por\u00e9m, havia algo de belo. Uma profunda paz tomava conta de tudo e de todos. \u00c9 nesse cen\u00e1rio que nasce Aquele que \u00e9 a raz\u00e3o primeira da nossa miss\u00e3o na Pastoral da Crian\u00e7a. \u00c9 por causa Dele e somente por Ele que estamos comprometidas e comprometidos com a causa dos mais fragilizados e vulner\u00e1veis da nossa sociedade, que s\u00e3o os pobres, aqueles que foram alvo do cora\u00e7\u00e3o de Jesus durante toda a sua vida p\u00fablica.<\/p>\n<p style=\"text-align: justify\">J\u00e1 olhamos para o passado, contemplamos o lugar onde Ele (o Menino) nasceu, agora vamos olhar para dentro de nosso pr\u00f3prio cora\u00e7\u00e3o e para aqueles que nos cercam, especialmente os mais necessitados.<\/p>\n<p style=\"text-align: justify\">Como nos diz o conc\u00edlio Vaticano II: &#8220;Por sua encarna\u00e7\u00e3o, o Filho e Deus uniu-se a todo homem. Trabalhou com m\u00e3os humanas, pensou com intelig\u00eancia humana, agiu com vontade humana, amou com cora\u00e7\u00e3o humano. Nascido de Maria, tornou-se verdadeiramente um de n\u00f3s, semelhante a n\u00f3s em tudo, exceto no pecado&#8221; (Gaudium et Spes 22).<\/p>\n<p style=\"text-align: justify\">Vivemos num tempo de transforma\u00e7\u00f5es profundas, mudan\u00e7as de \u00e9poca, crescem as propostas de felicidade, realiza\u00e7\u00e3o e sucesso pessoal, em detrimento do bem comum e da solidariedade. De que adiantaria ter nascido o Salvador, se Ele n\u00e3o fosse acolhido em nossa vida, se n\u00e3o deixamos que Ele transforme o nosso cora\u00e7\u00e3o? Natal \u00e9 um convite forte \u00e0 renova\u00e7\u00e3o de nossa vida, a um verdadeiro nascimento.<\/p>\n<p style=\"text-align: justify\">Quero desejar um Feliz Natal a todos voc\u00eas que efetivamente fizeram parte dessa rede de vida e de solidariedade na Pastoral da Crian\u00e7a. Que o esp\u00edrito da esperan\u00e7a e da promessa nos encha de expectativas, pois a espera \u00e9 sempre gestadora de alegria, de arruma\u00e7\u00e3o, de beleza e de brilho.<\/p>\n<p style=\"text-align: justify\">Parab\u00e9ns a todos voc\u00eas que est\u00e3o fazendo o Menino Jesus nascer na vida e no cora\u00e7\u00e3o de tantas pessoas e que o ano de 2012 seja todo ele repleto de muitas gra\u00e7as e b\u00ean\u00e7\u00e3os do c\u00e9u\u201d.<\/p>\n<p style=\"text-align: center\"><strong>Irm\u00e3 Vera L\u00facia Alto\u00e9<br \/>Coordenadora Nacional da Pastoral da Crian\u00e7a<\/strong><\/p>\n<p style=\"text-align: justify\">O arcebispo da Para\u00edba, e presidente do Conselho Diretor da Pastoral da Crian\u00e7a, dom Aldo Pagotto tamb\u00e9m escreveu uma mensagem de natal.<\/p>\n<p style=\"text-align: justify\"><strong>Leia abaixo \u00e0 \u00edntegra da mensagem:<\/strong><\/p>\n<p style=\"text-align: justify\">\u201cO Natal chega de novo e a gente nem percebe, porque o sentido do Natal foi engolido pelo com\u00e9rcio. Correria. Agita\u00e7\u00e3o. Compra de brinquedos caros que se quebram facilmente. Comida pesada acaba fazendo mal para adultos e para a crian\u00e7ada. Para que tanta correria e preocupa\u00e7\u00e3o com muitas coisas exteriores? Entretanto, n\u00f3s s\u00f3 encontramos o sentido do Natal se for vivido em fam\u00edlia.<\/p>\n<p style=\"text-align: justify\">Somente Jesus Nosso Senhor pode dar sentido ao Natal, pois Ele \u00e9 a raz\u00e3o da nossa vida e da vida da humanidade. \u00c9 Jesus quem veio para reunir os filhos e filhas de Deus que estavam dispersos, separados pelo \u00f3dio ou intrigados pela inveja. \u00c9 Jesus quem nos faz acreditar que \u00e9 poss\u00edvel mudar a sociedade se deixarmos que Ele transforme o nosso ego\u00edsmo em amor e a vingan\u00e7a em perd\u00e3o e reconcilia\u00e7\u00e3o.<\/p>\n<p style=\"text-align: justify\">\u00c9 Jesus quem nos pede amar uns aos outros, sabendo que ainda existe muita dor nos cora\u00e7\u00f5es feridos. H\u00e1 muita gente que sofre e a gente nem se d\u00e1 conta. Trai\u00e7\u00e3o, desprezo, abandono, dist\u00e2ncias. \u00c9 Jesus quem nos ensina a superar nossos pr\u00f3prios erros para tentar ajudar a n\u00f3s e aos outros, desarmados, desapegados do amor pr\u00f3prio, das vaidades e preconceitos.<\/p>\n<p style=\"text-align: justify\">\u00c9 Jesus quem nos ensina a abominar a corrup\u00e7\u00e3o, a mentira, a falsidade, o apego ao dinheiro e a tanta vaidade. Ensine seus filhos desde crian\u00e7a. Se voc\u00ea deixar de orientar e acompanhar a vida de cada um deles, gente n\u00e3o bem intencionada vai faz\u00ea-lo. N\u00e3o deixe seus filhos soltos por a\u00ed se iludindo com as mentiras sobre Papai-Noel, alimentando uma falsa alegria e uma vida artificial, baseada no consumismo.<\/p>\n<p style=\"text-align: justify\">Que a lideran\u00e7a da Pastoral da Crian\u00e7a oriente as gestantes e as m\u00e3os para acolher Jesus, ensinando aos seus filhos que a verdadeira alegria do Natal \u00e9 a vida em fam\u00edlia, unidos na f\u00e9, trazendo o p\u00e3o de cada dia partilhado com amor e uni\u00e3o\u201d.<\/p>\n<p style=\"text-align: center\"><strong>Dom Aldo Di Cillo Pagotto<br \/>Arcebispo da Para\u00edba e Presidente do Conselho Diretor da Pastoral da Crian\u00e7a<\/strong><\/p>\n","protected":false},"excerpt":{"rendered":"<p>&#8220;O Natal foi o dia do nascimento mais esperado da hist\u00f3ria da humanidade&#8221;. Este \u00e9 um trecho da mensagem natalina divulgada na \u00faltima ter\u00e7a-feira, 20, pela Pastoral da Crian\u00e7a.<\/p>\n","protected":false},"author":83,"featured_media":20188,"comment_status":"open","ping_status":"open","sticky":false,"template":"","format":"standard","meta":{"site-sidebar-layout":"default","site-content-layout":"default","ast-global-header-display":"","ast-banner-title-visibility":"","ast-main-header-display":"","ast-hfb-above-header-display":"","ast-hfb-below-header-display":"","ast-hfb-mobile-header-display":"","site-post-title":"","ast-breadcrumbs-content":"","ast-featured-img":"","footer-sml-layout":"","theme-transparent-header-meta":"","adv-header-id-meta":"","stick-header-meta":"","header-above-stick-meta":"","header-main-stick-meta":"","header-below-stick-meta":""},"categories":[779,766],"tags":[],"acf":[],"_links":{"self":[{"href":"https:\/\/www.cnbb.org.br\/cnbb-app\/wp\/v2\/posts\/20193"}],"collection":[{"href":"https:\/\/www.cnbb.org.br\/cnbb-app\/wp\/v2\/posts"}],"about":[{"href":"https:\/\/www.cnbb.org.br\/cnbb-app\/wp\/v2\/types\/post"}],"author":[{"embeddable":true,"href":"https:\/\/www.cnbb.org.br\/cnbb-app\/wp\/v2\/users\/83"}],"replies":[{"embeddable":true,"href":"https:\/\/www.cnbb.org.br\/cnbb-app\/wp\/v2\/comments?post=20193"}],"version-history":[{"count":0,"href":"https:\/\/www.cnbb.org.br\/cnbb-app\/wp\/v2\/posts\/20193\/revisions"}],"wp:featuredmedia":[{"embeddable":true,"href":"https:\/\/www.cnbb.org.br\/cnbb-app\/wp\/v2\/media\/20188"}],"wp:attachment":[{"href":"https:\/\/www.cnbb.org.br\/cnbb-app\/wp\/v2\/media?parent=20193"}],"wp:term":[{"taxonomy":"category","embeddable":true,"href":"https:\/\/www.cnbb.org.br\/cnbb-app\/wp\/v2\/categories?post=20193"},{"taxonomy":"post_tag","embeddable":true,"href":"https:\/\/www.cnbb.org.br\/cnbb-app\/wp\/v2\/tags?post=20193"}],"curies":[{"name":"wp","href":"https:\/\/api.w.org\/{rel}","templated":true}]}}