{"id":20206,"date":"2012-12-21T00:00:00","date_gmt":"2012-12-21T02:00:00","guid":{"rendered":"https:\/\/www.cnbb.org.br\/pastoral-da-crianca-e-os-60-anos-da-cnbb\/"},"modified":"2012-12-21T00:00:00","modified_gmt":"2012-12-21T02:00:00","slug":"pastoral-da-crianca-e-os-60-anos-da-cnbb","status":"publish","type":"post","link":"https:\/\/www.cnbb.org.br\/pastoral-da-crianca-e-os-60-anos-da-cnbb\/","title":{"rendered":"Pastoral da Crian\u00e7a e os 60 anos da CNBB"},"content":{"rendered":"<p style=\"text-align: justify\">\u201cPara que todas as crian\u00e7as tenham vida em abund\u00e2ncia\u201d ((Cf. Jo 10, 10)<\/p>\n<p style=\"text-align: justify\">Ao longo de sua hist\u00f3ria a Igreja viu nascer ao redor do mundo dezenas de express\u00f5es da a\u00e7\u00e3o evangelizadora por meio das pastorais. A Pastoral da Crian\u00e7a \u00e9 uma obra t\u00edpica do Brasil, fundamentada na evang\u00e9lica op\u00e7\u00e3o preferencial pelas crian\u00e7as e fam\u00edlias pobres. Hoje, presente em todos os estados brasileiros e em mais 22 pa\u00edses da Am\u00e9rica Latina, \u00c1frica e \u00c1sia, \u00e9 reconhecida como uma das maiores organiza\u00e7\u00f5es do mundo a trabalhar em a\u00e7\u00f5es de combate \u00e0s doen\u00e7as e mortes infantis e melhoria da qualidade de vida das crian\u00e7as e suas fam\u00edlias.<\/p>\n<p>  <!--more-->  <\/p>\n<p style=\"text-align: justify\">Em 1983, quando a Pastoral da Crian\u00e7a surgiu, o pa\u00eds convivia com o chamado \u201cmilagre econ\u00f4mico perverso\u201d. O processo de crescimento econ\u00f4mico dos anos 1970 favoreceu a concentra\u00e7\u00e3o de renda e aprofundou ainda mais as desigualdades sociais. Morriam cerca de 70 crian\u00e7as por mil nascidas vivas. Reverter o quadro de mortalidade infantil nos bols\u00f5es de pobreza foi o desafio proposto pelo arcebispo dom Paulo Evaristo Arns a sua irm\u00e3 m\u00e9dica, pediatra e sanitarista Zilda Arns Neumann.<\/p>\n<p style=\"text-align: justify\">Com o apoio do arcebispo de Londrina, dom Geraldo Majella Agnelo, Dra. Zilda iniciou as primeiras atividades da Pastoral da Crian\u00e7a em Florest\u00f3polis, cidadezinha com um dos maiores \u00edndices de mortalidade infantil do estado do Paran\u00e1: 127 mortes por mil nascidos vivos. Um ano depois da experi\u00eancia, esse \u00edndice baixou para 28 mortes por mil nascidos vivos. F\u00f3rmula para chegar a esse resultado: acompanhamento das gestantes, acompanhamento nutricional, soro oral caseiro para evitar a desidrata\u00e7\u00e3o, amamenta\u00e7\u00e3o, vacinas, o afeto e o cuidado das m\u00e3es com os beb\u00eas. Medidas simples que a Pastoral da Crian\u00e7a passou a difundir pelo pa\u00eds para evitar a morte de milhares de crian\u00e7as pobres.<\/p>\n<p style=\"text-align: justify\">O incentivo de organismos nacionais e internacionais, e o apoio da CNBB (Confer\u00eancia Nacional dos Bispos do Brasil) \u2013 inclusive contabilmente &#8211; nos primeiros anos de atividades da Pastoral da Crian\u00e7a garantiram sua r\u00e1pida expans\u00e3o. A partir de 1987, o governo federal \u2013 hoje, Minist\u00e9rio da Sa\u00fade \u2013 tornou-se a principal fonte de recursos da entidade para os treinamentos das lideran\u00e7as volunt\u00e1rias, a produ\u00e7\u00e3o de materiais educativos, transporte e outras necessidades da entidade.<\/p>\n<p style=\"text-align: justify\">A Pastoral da Crian\u00e7a conta com o apoio da estrutura de organiza\u00e7\u00e3o da Igreja Cat\u00f3lica, e alicer\u00e7a sua atua\u00e7\u00e3o na comunidade e na capacita\u00e7\u00e3o de l\u00edderes volunt\u00e1rios. Esses l\u00edderes \u2013 92% s\u00e3o mulheres, verdadeiras agentes de sua pr\u00f3pria transforma\u00e7\u00e3o social e de suas comunidades &#8211; assumem a tarefa de orientar e acompanhar as fam\u00edlias vizinhas. As a\u00e7\u00f5es desenvolvidas comp\u00f5em um conjunto de pr\u00e1ticas educativas simples, com baixo custo e facilmente replic\u00e1veis, focalizadas na capacita\u00e7\u00e3o das fam\u00edlias para os cuidados com a crian\u00e7a. O processo e o impacto desse trabalho podem ser mensurados pelos indicadores de sa\u00fade e de educa\u00e7\u00e3o.<\/p>\n<p style=\"text-align: justify\">No conjunto de fam\u00edlias acompanhadas pela Pastoral da Crian\u00e7a a mortalidade infantil \u00e9 de 9,3 \u00f3bitos no primeiro ano de vida para cada mil nascidos vivos. A m\u00e9dia nacional, segundo o Censo 2010 (IBGE), \u00e9 de 15,6 mortes no primeiro ano de vida para cada mil crian\u00e7as nascidas vivas. O indicador ganha maior express\u00e3o ao se constatar que a Pastoral da Crian\u00e7a atua exclusivamente em regi\u00f5es muito pobres, nas quais a m\u00e9dia de mortalidade infantil costuma ser at\u00e9 o dobro da taxa nacional.<\/p>\n<p style=\"text-align: justify\">Ao longo de tr\u00eas d\u00e9cadas, a entidade ganhou import\u00e2ncia e reconhecimento da sociedade. A Pastoral da Crian\u00e7a participa de v\u00e1rias inst\u00e2ncias de decis\u00e3o sobre pol\u00edticas p\u00fablicas, em v\u00e1rios n\u00edveis de governo, como os conselhos de sa\u00fade, direitos da crian\u00e7a e do adolescente, assist\u00eancia social e seguran\u00e7a alimentar.<\/p>\n<p style=\"text-align: justify\">Um dos muitos diferenciais da organiza\u00e7\u00e3o \u00e9 o permanente monitoramento das a\u00e7\u00f5es e resultados, atrav\u00e9s de um eficiente Sistema de Informa\u00e7\u00e3o https:\/\/si.pastoraldacrianca.org.br\/pastcri-prg\/ . Outro \u00e9 a transpar\u00eancia nas demonstra\u00e7\u00f5es financeiras https:\/\/wiki.pastoraldacrianca.org.br\/PortalTransparencia. A estrutura administrativa na Coordena\u00e7\u00e3o Nacional, em Curitiba, \u00e9 a mais simples e \u00e1gil poss\u00edvel. Essas s\u00e3o ferramentas importantes para assegurar o acompanhamento de milhares e crian\u00e7as e gestantes ao custo muito baixo (gasto mensal por crian\u00e7a de R$1,83).<\/p>\n<p style=\"text-align: justify\"><strong>Pastoral da Crian\u00e7a: Situa\u00e7\u00e3o de Abrang\u00eancia (Brasil 2012)<\/strong><\/p>\n<p style=\"text-align: justify\">. Acompanhamento de 1,4 milh\u00e3o de crian\u00e7as menores de 6 anos 79 mil gestantes.<br \/>. Acompanhamento de 1,2 milh\u00e3o de fam\u00edlias em 39.128 comunidades.<br \/>. 223.832 volunt\u00e1rios atuantes, dos quais 122.088 s\u00e3o l\u00edderes comunit\u00e1rios.<\/p>\n<p style=\"text-align: justify\"><strong>Principais resultados:<\/strong><\/p>\n<p style=\"text-align: justify\">. \u00cdndice de mortalidade infantil 59,6% menor em rela\u00e7\u00e3o \u00e0 m\u00e9dia nacional:<br \/>Comunidades acompanhadas: 9,3 \u00f3bitos para mil nascidos vivos.<br \/>M\u00e9dia nacional segundo o IBGE (Censo 2010): 15,6 \u00f3bitos para mil nascidos vivos<br \/>. Baixo n\u00edvel de desnutri\u00e7\u00e3o nas crian\u00e7as acompanhadas: 1,7%. M\u00e9dia nacional \u00e9 de 2,8%.<br \/>. Apenas 5,7% das gestantes acompanhadas tiveram filhos nascidos com baixo peso (m\u00e9dia nacional \u00e9 de 8,3%).<br \/>. A grande maioria das crian\u00e7as acompanhadas (91,8%) estava com as vacinas em dia.<\/p>\n<p style=\"text-align: justify\"><strong>Pastoral da Crian\u00e7a: Miss\u00e3o, vis\u00e3o e valores<\/strong><\/p>\n<p style=\"text-align: justify\"><strong>Vis\u00e3o<\/strong><\/p>\n<p style=\"text-align: justify\">Trabalhamos por um mundo sem mortes materno-infantis evit\u00e1veis e onde todas as crian\u00e7as, mesmo as mais vulner\u00e1veis, viver\u00e3o num ambiente favor\u00e1vel ao seu desenvolvimento.(Cf. Isa\u00edas cap\u00edtulo 65, a partir do vers\u00edculo 16).<\/p>\n<p style=\"text-align: justify\"><strong>Miss\u00e3o<\/strong><\/p>\n<p style=\"text-align: justify\">\u201cPara que todas as crian\u00e7as tenham vida em abund\u00e2ncia\u201d (Cf. Jo 10, 10).<br \/>Promover o desenvolvimento das crian\u00e7as, \u00e0 luz da evang\u00e9lica op\u00e7\u00e3o preferencial pelos pobres, do ventre materno aos seis anos, contribuindo para que suas fam\u00edlias e comunidades realizem sua pr\u00f3pria transforma\u00e7\u00e3o, por meio de orienta\u00e7\u00f5es b\u00e1sicas de sa\u00fade, nutri\u00e7\u00e3o, educa\u00e7\u00e3o e cidadania, fundamentadas na m\u00edstica crist\u00e3 que une f\u00e9 e vida.<\/p>\n<p style=\"text-align: justify\"><strong>Valores e Cren\u00e7as<\/strong><\/p>\n<p style=\"text-align: justify\"><strong>Cren\u00e7a<\/strong><\/p>\n<p style=\"text-align: justify\">A Gl\u00f3ria de Deus \u00e9 a vida <br \/>F\u00e9 e Vida: vivenciar a f\u00e9, por meio de a\u00e7\u00f5es concretas na comunidade<br \/>Deus se revela preferencialmente aos pobres<br \/>Partilha e Solidariedade<br \/>Valores <br \/>Ades\u00e3o \u00e0 Miss\u00e3o da Pastoral da Crian\u00e7a<br \/>\u00c9tica (Transpar\u00eancia, Honestidade, Justi\u00e7a, Equidade)<br \/>Simplicidade<br \/>N\u00e3o Discrimina\u00e7\u00e3o (ra\u00e7a, cor, profiss\u00e3o, nacionalidade, sexo, credo religioso ou pol\u00edtico)<br \/>Compromisso com os resultados<br \/>Perseveran\u00e7a<br \/>Valoriza\u00e7\u00e3o das crian\u00e7as, gestantes e das fam\u00edlias<br \/>Alegria em servir<br \/>Multiplicar o saber<br \/>Ir ao encontro, buscar proximidade<\/p>\n<p style=\"text-align: justify\"><strong>Saiba mais sobre a Pastoral da Crian\u00e7a:<\/strong><\/p>\n<p style=\"text-align: justify\">Site: www.pastoraldacrian\u00e7a.org.br<br \/>e-mail: comunic@pastoraldacrianca.org.br<br \/>Facebook.com\/pastoraldacrianca<\/p>\n","protected":false},"excerpt":{"rendered":"<p>\u201cPara que todas as crian\u00e7as tenham vida em abund\u00e2ncia\u201d ((Cf. Jo 10, 10) Ao longo de sua hist\u00f3ria a Igreja viu nascer ao redor do mundo dezenas de express\u00f5es da a\u00e7\u00e3o evangelizadora por meio das pastorais. A Pastoral da Crian\u00e7a \u00e9 uma obra t\u00edpica do Brasil, fundamentada na evang\u00e9lica op\u00e7\u00e3o preferencial pelas crian\u00e7as e fam\u00edlias &hellip;<\/p>\n<p class=\"read-more\"> <a class=\"\" href=\"https:\/\/www.cnbb.org.br\/pastoral-da-crianca-e-os-60-anos-da-cnbb\/\"> <span class=\"screen-reader-text\">Pastoral da Crian\u00e7a e os 60 anos da CNBB<\/span> Leia mais &raquo;<\/a><\/p>\n","protected":false},"author":83,"featured_media":20188,"comment_status":"open","ping_status":"open","sticky":false,"template":"","format":"standard","meta":{"site-sidebar-layout":"default","site-content-layout":"default","ast-global-header-display":"","ast-banner-title-visibility":"","ast-main-header-display":"","ast-hfb-above-header-display":"","ast-hfb-below-header-display":"","ast-hfb-mobile-header-display":"","site-post-title":"","ast-breadcrumbs-content":"","ast-featured-img":"","footer-sml-layout":"","theme-transparent-header-meta":"","adv-header-id-meta":"","stick-header-meta":"","header-above-stick-meta":"","header-main-stick-meta":"","header-below-stick-meta":""},"categories":[779,766],"tags":[],"acf":[],"_links":{"self":[{"href":"https:\/\/www.cnbb.org.br\/cnbb-app\/wp\/v2\/posts\/20206"}],"collection":[{"href":"https:\/\/www.cnbb.org.br\/cnbb-app\/wp\/v2\/posts"}],"about":[{"href":"https:\/\/www.cnbb.org.br\/cnbb-app\/wp\/v2\/types\/post"}],"author":[{"embeddable":true,"href":"https:\/\/www.cnbb.org.br\/cnbb-app\/wp\/v2\/users\/83"}],"replies":[{"embeddable":true,"href":"https:\/\/www.cnbb.org.br\/cnbb-app\/wp\/v2\/comments?post=20206"}],"version-history":[{"count":0,"href":"https:\/\/www.cnbb.org.br\/cnbb-app\/wp\/v2\/posts\/20206\/revisions"}],"wp:featuredmedia":[{"embeddable":true,"href":"https:\/\/www.cnbb.org.br\/cnbb-app\/wp\/v2\/media\/20188"}],"wp:attachment":[{"href":"https:\/\/www.cnbb.org.br\/cnbb-app\/wp\/v2\/media?parent=20206"}],"wp:term":[{"taxonomy":"category","embeddable":true,"href":"https:\/\/www.cnbb.org.br\/cnbb-app\/wp\/v2\/categories?post=20206"},{"taxonomy":"post_tag","embeddable":true,"href":"https:\/\/www.cnbb.org.br\/cnbb-app\/wp\/v2\/tags?post=20206"}],"curies":[{"name":"wp","href":"https:\/\/api.w.org\/{rel}","templated":true}]}}