{"id":20208,"date":"2013-02-27T00:00:00","date_gmt":"2013-02-27T03:00:00","guid":{"rendered":"https:\/\/www.cnbb.org.br\/campanha-alerta-para-a-prevencao-e-tratamento-da-hanseniase\/"},"modified":"2013-02-27T00:00:00","modified_gmt":"2013-02-27T03:00:00","slug":"campanha-alerta-para-a-prevencao-e-tratamento-da-hanseniase","status":"publish","type":"post","link":"https:\/\/www.cnbb.org.br\/campanha-alerta-para-a-prevencao-e-tratamento-da-hanseniase\/","title":{"rendered":"Campanha alerta para a preven\u00e7\u00e3o e tratamento da hansen\u00edase"},"content":{"rendered":"<p style=\"text-align: justify\">A Pastoral da Crian\u00e7a far\u00e1 parte da campanha de mobiliza\u00e7\u00e3o nacional para conscientiza\u00e7\u00e3o da hansen\u00edase, promovida pelo Minist\u00e9rio da Sa\u00fade. A veicula\u00e7\u00e3o da&nbsp; campanha come\u00e7a nesta quarta-feira, 27 de fevereiro, com alerta sobre a import\u00e2ncia da preven\u00e7\u00e3o e do tratamento da hansen\u00edase e de verminoses. A campanha tamb\u00e9m mostra os principais sintomas das duas doen\u00e7as.<\/p>\n<p>  <!--more-->  <\/p>\n<p style=\"text-align: justify\">A Pastoral da Crian\u00e7a participar\u00e1 produzindo materiais espec\u00edficos de comunica\u00e7\u00e3o para apoiar as a\u00e7\u00f5es dos l\u00edderes que atuam nos munic\u00edpios onde s\u00e3o registrados muitos casos de hansen\u00edase.<\/p>\n<p style=\"text-align: justify\">A estrat\u00e9gia da Pastoral da Crian\u00e7a \u00e9 a soma de esfor\u00e7os com dioceses, par\u00f3quias, congrega\u00e7\u00f5es religiosas como os Franciscanos e outras. Os l\u00edderes da Pastoral da Crian\u00e7a s\u00e3o parceiros na luta contra a hansen\u00edase no Brasil e por estarem pr\u00f3ximos das fam\u00edlias, podem ajudar a reconhecer sinais da doen\u00e7a e orient\u00e1-las na busca de tratamento nos servi\u00e7os de sa\u00fade.<\/p>\n<p style=\"text-align: justify\">No Brasil existem muitas pessoas com hansen\u00edase, nas diferentes faixas et\u00e1rias, que podem n\u00e3o saber quais s\u00e3o os sinais da doen\u00e7a e que ela pode ser tratada gratuitamente e curada. A falta de informa\u00e7\u00e3o e as lendas sobre a doen\u00e7a prejudicam a identifica\u00e7\u00e3o da hansen\u00edase, geram preconceito e dificultam o tratamento.<\/p>\n","protected":false},"excerpt":{"rendered":"<p>A Pastoral da Crian\u00e7a far\u00e1 parte da campanha de mobiliza\u00e7\u00e3o nacional para conscientiza\u00e7\u00e3o da hansen\u00edase, promovida pelo Minist\u00e9rio da Sa\u00fade. A veicula\u00e7\u00e3o da&nbsp; campanha come\u00e7a nesta quarta-feira, 27 de fevereiro, com alerta sobre a import\u00e2ncia da preven\u00e7\u00e3o e do tratamento da hansen\u00edase e de verminoses. A campanha tamb\u00e9m mostra os principais sintomas das duas doen\u00e7as.<\/p>\n","protected":false},"author":83,"featured_media":20209,"comment_status":"open","ping_status":"open","sticky":false,"template":"","format":"standard","meta":{"site-sidebar-layout":"default","site-content-layout":"default","ast-global-header-display":"","ast-banner-title-visibility":"","ast-main-header-display":"","ast-hfb-above-header-display":"","ast-hfb-below-header-display":"","ast-hfb-mobile-header-display":"","site-post-title":"","ast-breadcrumbs-content":"","ast-featured-img":"","footer-sml-layout":"","theme-transparent-header-meta":"","adv-header-id-meta":"","stick-header-meta":"","header-above-stick-meta":"","header-main-stick-meta":"","header-below-stick-meta":""},"categories":[779,766],"tags":[],"acf":[],"_links":{"self":[{"href":"https:\/\/www.cnbb.org.br\/cnbb-app\/wp\/v2\/posts\/20208"}],"collection":[{"href":"https:\/\/www.cnbb.org.br\/cnbb-app\/wp\/v2\/posts"}],"about":[{"href":"https:\/\/www.cnbb.org.br\/cnbb-app\/wp\/v2\/types\/post"}],"author":[{"embeddable":true,"href":"https:\/\/www.cnbb.org.br\/cnbb-app\/wp\/v2\/users\/83"}],"replies":[{"embeddable":true,"href":"https:\/\/www.cnbb.org.br\/cnbb-app\/wp\/v2\/comments?post=20208"}],"version-history":[{"count":0,"href":"https:\/\/www.cnbb.org.br\/cnbb-app\/wp\/v2\/posts\/20208\/revisions"}],"wp:featuredmedia":[{"embeddable":true,"href":"https:\/\/www.cnbb.org.br\/cnbb-app\/wp\/v2\/media\/20209"}],"wp:attachment":[{"href":"https:\/\/www.cnbb.org.br\/cnbb-app\/wp\/v2\/media?parent=20208"}],"wp:term":[{"taxonomy":"category","embeddable":true,"href":"https:\/\/www.cnbb.org.br\/cnbb-app\/wp\/v2\/categories?post=20208"},{"taxonomy":"post_tag","embeddable":true,"href":"https:\/\/www.cnbb.org.br\/cnbb-app\/wp\/v2\/tags?post=20208"}],"curies":[{"name":"wp","href":"https:\/\/api.w.org\/{rel}","templated":true}]}}