{"id":20286,"date":"2010-05-31T00:00:00","date_gmt":"2010-05-31T03:00:00","guid":{"rendered":"https:\/\/www.cnbb.org.br\/dom-mauricio-grotto-escreve-mensagem-em-comemoracao-a-semana-do-migrante\/"},"modified":"2010-05-31T00:00:00","modified_gmt":"2010-05-31T03:00:00","slug":"dom-mauricio-grotto-escreve-mensagem-em-comemoracao-a-semana-do-migrante","status":"publish","type":"post","link":"https:\/\/www.cnbb.org.br\/dom-mauricio-grotto-escreve-mensagem-em-comemoracao-a-semana-do-migrante\/","title":{"rendered":"Dom Maur\u00edcio Grotto escreve mensagem em comemora\u00e7\u00e3o a Semana do Migrante"},"content":{"rendered":"<p style=\"text-align: justify\">Celebrando a Semana do Migrante (de 13 a 20 de junho), que completa 25 anos de atividade, o bispo respons\u00e1vel pela Pastoral da Mobilidade Humana, da Confer\u00eancia Nacional dos Bispos do Brasil (CNBB), dom Maur\u00edcio Grotto de Camargo, escreveu uma mensagem \u00e0s comunidades, par\u00f3quias e dioceses, tentando chamar a aten\u00e7\u00e3o para a realidade dos que \u201cv\u00e3o e vem, dos que partem e chegam\u201d.<\/p>\n<p><!--more--><\/p>\n<p style=\"text-align: justify\">Leia abaixo a mensagem de dom Maur\u00edcio Grotto:<\/p>\n<p style=\"text-align: center\"><strong>Da Semana do Migrante \u00e0 Campanha da Fraternidade<\/strong><\/p>\n<p style=\"text-align: left\"><strong>Por uma economia a servi\u00e7o da vida e por migra\u00e7\u00f5es com dignidade<\/strong><\/p>\n<p style=\"text-align: justify\">A Semana do Migrante 2010, de 13 a 20 de junho, est\u00e1 fazendo Jubileu de Prata: 25 anos de her\u00f3ico esfor\u00e7o para entrar na agenda pastoral das comunidades, par\u00f3quias e dioceses; tentando chamar a aten\u00e7\u00e3o para a realidade dos que v\u00e3o e vem, dos que partem e chegam; pesquisando e trabalhando as causas e conseq\u00fc\u00eancias de uma migra\u00e7\u00e3o muitas vezes cercada de ang\u00fastias, injusti\u00e7as e trag\u00e9dias como acontecem principalmente com as v\u00edtimas do tr\u00e1fico de seres humanos para explora\u00e7\u00e3o sexual e trabalho escravo de todo tipo.<\/p>\n<p style=\"text-align: justify\">Por tr\u00e1s e para al\u00e9m da Semana do Migrante est\u00e1 o Servi\u00e7o Pastoral dos Migrantes \u2013 SPM, tamb\u00e9m completando 25 anos de exist\u00eancia prof\u00e9tica e persist\u00eancia no amparo e apoio a todo tipo de migrante, sobretudo os mais pobres e desamparados.<\/p>\n<p style=\"text-align: justify\">A Semana do Migrante retoma o tema da Campanha da Fraternidade de cada ano e procura aplic\u00e1-lo (ver-julgar-agir) \u00e0 realidade vivida pelos migrantes, itinerantes e refugiados. De fato, esta realidade constitui um fen\u00f4meno cada vez mais complexo do ponto de vista social, cultural, pol\u00edtico, religioso econ\u00f4mico e pastoral. \u201c[&#8230;]Milh\u00f5es de pessoas migram, ou se v\u00eaem for\u00e7adas a migrar dentro e fora de seus respectivos pa\u00edses. As causas s\u00e3o diversas e est\u00e3o relacionadas com a situa\u00e7\u00e3o econ\u00f4mica, as v\u00e1rias formas de viol\u00eancia, a pobreza que afeta as pessoas e a falta de oportunidades para pesquisa e o desenvolvimento profissional.[&#8230;] A explora\u00e7\u00e3o do trabalho chega, em alguns casos, a gerar condi\u00e7\u00f5es de verdadeira escravid\u00e3o. Acontece tamb\u00e9m um vergonhoso tr\u00e1fico de pessoas, que inclui a prostitui\u00e7\u00e3o, inclusive de menores.[&#8230;]\u201d (Cf. Documento de Aparecida n. 73).<\/p>\n<p style=\"text-align: justify\">Ano ap\u00f3s ano, a Campanha da Fraternidade tem estado presente na Semana do Migrante. Penso que \u00e9 chegado o momento do mundo do migrante se fazer presente numa Campanha da Fraternidade. \u00c9 preciso reconhecer que poucas par\u00f3quias e\/ou dioceses realizam a Semana do Migrante. Mesmo que todas a promovessem, uma Semana dedicada ao Migrante \u00e9 muito pouco. \u00c9 chegada a hora de uma CF inteira, toda voltada para o vasto e complexo mundo da mobilidade humana.<\/p>\n<p style=\"text-align: center\"><strong>Dom Maur\u00edcio Grotto de Camargo<br \/>\nRespons\u00e1vel pelo Setor Pastorais da Mobilidade Humana da CNBB<\/strong><\/p>\n","protected":false},"excerpt":{"rendered":"<p>Celebrando a Semana do Migrante (de 13 a 20 de junho), que completa 25 anos de atividade, o bispo respons\u00e1vel pela Pastoral da Mobilidade Humana, da Confer\u00eancia Nacional dos Bispos do Brasil (CNBB), dom Maur\u00edcio Grotto de Camargo, escreveu uma mensagem \u00e0s comunidades, par\u00f3quias e dioceses, tentando chamar a aten\u00e7\u00e3o para a realidade dos que &hellip;<\/p>\n<p class=\"read-more\"> <a class=\"\" href=\"https:\/\/www.cnbb.org.br\/dom-mauricio-grotto-escreve-mensagem-em-comemoracao-a-semana-do-migrante\/\"> <span class=\"screen-reader-text\">Dom Maur\u00edcio Grotto escreve mensagem em comemora\u00e7\u00e3o a Semana do Migrante<\/span> Leia mais &raquo;<\/a><\/p>\n","protected":false},"author":83,"featured_media":20287,"comment_status":"open","ping_status":"open","sticky":false,"template":"","format":"standard","meta":{"site-sidebar-layout":"default","site-content-layout":"default","ast-global-header-display":"","ast-banner-title-visibility":"","ast-main-header-display":"","ast-hfb-above-header-display":"","ast-hfb-below-header-display":"","ast-hfb-mobile-header-display":"","site-post-title":"","ast-breadcrumbs-content":"","ast-featured-img":"","footer-sml-layout":"","theme-transparent-header-meta":"","adv-header-id-meta":"","stick-header-meta":"","header-above-stick-meta":"","header-main-stick-meta":"","header-below-stick-meta":""},"categories":[916,766],"tags":[],"acf":[],"_links":{"self":[{"href":"https:\/\/www.cnbb.org.br\/cnbb-app\/wp\/v2\/posts\/20286"}],"collection":[{"href":"https:\/\/www.cnbb.org.br\/cnbb-app\/wp\/v2\/posts"}],"about":[{"href":"https:\/\/www.cnbb.org.br\/cnbb-app\/wp\/v2\/types\/post"}],"author":[{"embeddable":true,"href":"https:\/\/www.cnbb.org.br\/cnbb-app\/wp\/v2\/users\/83"}],"replies":[{"embeddable":true,"href":"https:\/\/www.cnbb.org.br\/cnbb-app\/wp\/v2\/comments?post=20286"}],"version-history":[{"count":0,"href":"https:\/\/www.cnbb.org.br\/cnbb-app\/wp\/v2\/posts\/20286\/revisions"}],"wp:featuredmedia":[{"embeddable":true,"href":"https:\/\/www.cnbb.org.br\/cnbb-app\/wp\/v2\/media\/20287"}],"wp:attachment":[{"href":"https:\/\/www.cnbb.org.br\/cnbb-app\/wp\/v2\/media?parent=20286"}],"wp:term":[{"taxonomy":"category","embeddable":true,"href":"https:\/\/www.cnbb.org.br\/cnbb-app\/wp\/v2\/categories?post=20286"},{"taxonomy":"post_tag","embeddable":true,"href":"https:\/\/www.cnbb.org.br\/cnbb-app\/wp\/v2\/tags?post=20286"}],"curies":[{"name":"wp","href":"https:\/\/api.w.org\/{rel}","templated":true}]}}