{"id":20403,"date":"2010-07-15T00:00:00","date_gmt":"2010-07-15T03:00:00","guid":{"rendered":"https:\/\/www.cnbb.org.br\/pastoral-dos-nomades-planeja-acoes-futuras-na-23o-assembleia-anual\/"},"modified":"2010-07-15T00:00:00","modified_gmt":"2010-07-15T03:00:00","slug":"pastoral-dos-nomades-planeja-acoes-futuras-na-23o-assembleia-anual","status":"publish","type":"post","link":"https:\/\/www.cnbb.org.br\/pastoral-dos-nomades-planeja-acoes-futuras-na-23o-assembleia-anual\/","title":{"rendered":"Pastoral dos N\u00f4mades planeja a\u00e7\u00f5es futuras na 23\u00aa Assembleia Anual"},"content":{"rendered":"<p style=\"text-align: justify\">Acaba hoje, 15, em Bras\u00edlia (DF), a 23\u00aa Assembleia Anual da Pastoral dos N\u00f4mades da Confer\u00eancia Nacional dos Bispos do Brasil (CNBB). O evento acontece no Centro Cultural Mission\u00e1rio (CCM) e conta com a presen\u00e7a de aproximadamente 30 pessoas, entre ciganos, agentes de pastoral e o bispo de Eun\u00e1polis (BA) e presidente da Pastoral dos N\u00f4mades, dom Jos\u00e9 Edson Santana Oliveira.<\/p>\n<p><!--more--><\/p>\n<p style=\"text-align: justify\">Segundo os organizadores do evento, o objetivou foi partilhar as experi\u00eancias, avaliar as a\u00e7\u00f5es evangelizadoras da Pastoral e programar as a\u00e7\u00f5es futuras a serem realizadas.<\/p>\n<p style=\"text-align: justify\">Segundo o bispo de Eun\u00e1polis, dom Jos\u00e9 Edson, \u201ca Assembleia \u00e9 um momento importante na vida da Pastoral, pois nos encontramos, partilhamos nossa vida e assim vamos ganhando novo ardor para nos colocarmos a servi\u00e7o do povo que tanto precisa de nossa ajuda&#8221;.<\/p>\n<p style=\"text-align: justify\">De acordo com o assessor da Pastoral dos N\u00f4mades, padre Wallace Zanon, ficou acertado entre os participantes da Assembleia que deve haver mais visibilidade da Pastoral nos meios de comunica\u00e7\u00e3o. \u201cFicou acertado que no pr\u00f3ximo ano o objetivo da Pastoral dos N\u00f4mades ser\u00e1 a maior divulga\u00e7\u00e3o dos eventos que acontecem na Pastoral, em todos os meios de comunica\u00e7\u00e3o, em especial nas m\u00eddias eletr\u00f4nicas, como o site da CNBB e das televis\u00f5es cat\u00f3licas. Outra coisa acertada foi a reestrutura\u00e7\u00e3o da pastoral dentro dos pr\u00f3prios regionais.\u201d, explicou o padre.<\/p>\n<p style=\"text-align: justify\">A pr\u00f3xima Assembleia da Pastoral dos N\u00f4mades est\u00e1 marcada para os dias 12 a 15 de julho de 2011, em Vit\u00f3ria (ES).<\/p>\n","protected":false},"excerpt":{"rendered":"<p>Acaba hoje, 15, em Bras\u00edlia (DF), a 23\u00aa Assembleia Anual da Pastoral dos N\u00f4mades da Confer\u00eancia Nacional dos Bispos do Brasil (CNBB). O evento acontece no Centro Cultural Mission\u00e1rio (CCM) e conta com a presen\u00e7a de aproximadamente 30 pessoas, entre ciganos, agentes de pastoral e o bispo de Eun\u00e1polis (BA) e presidente da Pastoral dos &hellip;<\/p>\n<p class=\"read-more\"> <a class=\"\" href=\"https:\/\/www.cnbb.org.br\/pastoral-dos-nomades-planeja-acoes-futuras-na-23o-assembleia-anual\/\"> <span class=\"screen-reader-text\">Pastoral dos N\u00f4mades planeja a\u00e7\u00f5es futuras na 23\u00aa Assembleia Anual<\/span> Leia mais &raquo;<\/a><\/p>\n","protected":false},"author":83,"featured_media":20404,"comment_status":"open","ping_status":"open","sticky":false,"template":"","format":"standard","meta":{"site-sidebar-layout":"default","site-content-layout":"default","ast-global-header-display":"","ast-banner-title-visibility":"","ast-main-header-display":"","ast-hfb-above-header-display":"","ast-hfb-below-header-display":"","ast-hfb-mobile-header-display":"","site-post-title":"","ast-breadcrumbs-content":"","ast-featured-img":"","footer-sml-layout":"","theme-transparent-header-meta":"","adv-header-id-meta":"","stick-header-meta":"","header-above-stick-meta":"","header-main-stick-meta":"","header-below-stick-meta":""},"categories":[812,766],"tags":[],"acf":[],"_links":{"self":[{"href":"https:\/\/www.cnbb.org.br\/cnbb-app\/wp\/v2\/posts\/20403"}],"collection":[{"href":"https:\/\/www.cnbb.org.br\/cnbb-app\/wp\/v2\/posts"}],"about":[{"href":"https:\/\/www.cnbb.org.br\/cnbb-app\/wp\/v2\/types\/post"}],"author":[{"embeddable":true,"href":"https:\/\/www.cnbb.org.br\/cnbb-app\/wp\/v2\/users\/83"}],"replies":[{"embeddable":true,"href":"https:\/\/www.cnbb.org.br\/cnbb-app\/wp\/v2\/comments?post=20403"}],"version-history":[{"count":0,"href":"https:\/\/www.cnbb.org.br\/cnbb-app\/wp\/v2\/posts\/20403\/revisions"}],"wp:featuredmedia":[{"embeddable":true,"href":"https:\/\/www.cnbb.org.br\/cnbb-app\/wp\/v2\/media\/20404"}],"wp:attachment":[{"href":"https:\/\/www.cnbb.org.br\/cnbb-app\/wp\/v2\/media?parent=20403"}],"wp:term":[{"taxonomy":"category","embeddable":true,"href":"https:\/\/www.cnbb.org.br\/cnbb-app\/wp\/v2\/categories?post=20403"},{"taxonomy":"post_tag","embeddable":true,"href":"https:\/\/www.cnbb.org.br\/cnbb-app\/wp\/v2\/tags?post=20403"}],"curies":[{"name":"wp","href":"https:\/\/api.w.org\/{rel}","templated":true}]}}