{"id":20441,"date":"2012-02-28T00:00:00","date_gmt":"2012-02-28T03:00:00","guid":{"rendered":"https:\/\/www.cnbb.org.br\/comissao-pastoral-dos-pescadores-realiza-assembleia-anual-de-avaliacao-e-planejamento\/"},"modified":"2012-02-28T00:00:00","modified_gmt":"2012-02-28T03:00:00","slug":"comissao-pastoral-dos-pescadores-realiza-assembleia-anual-de-avaliacao-e-planejamento","status":"publish","type":"post","link":"https:\/\/www.cnbb.org.br\/comissao-pastoral-dos-pescadores-realiza-assembleia-anual-de-avaliacao-e-planejamento\/","title":{"rendered":"Comiss\u00e3o Pastoral dos Pescadores realiza Assembleia Anual de Avalia\u00e7\u00e3o e Planejamento"},"content":{"rendered":"<p style=\"text-align: justify\">O Conselho Pastoral dos Pescadores, do Regional Nordeste 1 da CNBB (Cear\u00e1), realizar\u00e1 nos dia 1, 2 e 3 de mar\u00e7o, sua Assembleia Anual de Avalia\u00e7\u00e3o e Planejamento. O momento tem como objetivos avaliar a caminhada do CPP do Cear\u00e1 e planejar os pr\u00f3ximos passos.<\/p>\n<p><!--more--><\/p>\n<p style=\"text-align: justify\">Representa\u00e7\u00f5es das comunidades pesqueiras acompanhadas pelo CPP, do litoral leste e oeste do estado, al\u00e9m de parceiros e outros membros dos demais regionais do CPP, participar\u00e3o da Assembleia.<\/p>\n<p style=\"text-align: justify\">A abertura ser\u00e1 9 horas do dia 1\u00ba, onde ser\u00e1 realizado um momento de an\u00e1lise de conjuntura a partir das pr\u00f3prias comunidades, e posteriormente ser\u00e3o planejadas as a\u00e7\u00f5es a partir das linhas: Territ\u00f3rio e Meio Ambiente, Trabalho e Renda, Direitos e Organiza\u00e7\u00e3o.<br \/>\nPara Ormezita Barbosa, secret\u00e1ria executiva do CPP, se espera dessa Assembleia realizar um rico momento de partilha, de troca de saberes e uma festiva celebra\u00e7\u00e3o. O Conselho Pastoral dos Pescadores (CPP) fica na Avenida Francisco S\u00e1, 1823 &#8211; Casa A1, Jacarecanga, Fortaleza.<\/p>\n<p style=\"text-align: justify\">Outras informa\u00e7\u00f5es com Ormezita Barbosas (85) 3238.8392 \/ Site: www.cppnac.org.br \/ Blog: www.cppceara.blogspot.com \/ Email: cppceara@yahoo.com.br.<\/p>\n","protected":false},"excerpt":{"rendered":"<p>O Conselho Pastoral dos Pescadores, do Regional Nordeste 1 da CNBB (Cear\u00e1), realizar\u00e1 nos dia 1, 2 e 3 de mar\u00e7o, sua Assembleia Anual de Avalia\u00e7\u00e3o e Planejamento. O momento tem como objetivos avaliar a caminhada do CPP do Cear\u00e1 e planejar os pr\u00f3ximos passos.<\/p>\n","protected":false},"author":83,"featured_media":0,"comment_status":"open","ping_status":"open","sticky":false,"template":"","format":"standard","meta":{"site-sidebar-layout":"default","site-content-layout":"default","ast-global-header-display":"","ast-banner-title-visibility":"","ast-main-header-display":"","ast-hfb-above-header-display":"","ast-hfb-below-header-display":"","ast-hfb-mobile-header-display":"","site-post-title":"","ast-breadcrumbs-content":"","ast-featured-img":"","footer-sml-layout":"","theme-transparent-header-meta":"","adv-header-id-meta":"","stick-header-meta":"","header-above-stick-meta":"","header-main-stick-meta":"","header-below-stick-meta":""},"categories":[766,919],"tags":[],"acf":[],"_links":{"self":[{"href":"https:\/\/www.cnbb.org.br\/cnbb-app\/wp\/v2\/posts\/20441"}],"collection":[{"href":"https:\/\/www.cnbb.org.br\/cnbb-app\/wp\/v2\/posts"}],"about":[{"href":"https:\/\/www.cnbb.org.br\/cnbb-app\/wp\/v2\/types\/post"}],"author":[{"embeddable":true,"href":"https:\/\/www.cnbb.org.br\/cnbb-app\/wp\/v2\/users\/83"}],"replies":[{"embeddable":true,"href":"https:\/\/www.cnbb.org.br\/cnbb-app\/wp\/v2\/comments?post=20441"}],"version-history":[{"count":0,"href":"https:\/\/www.cnbb.org.br\/cnbb-app\/wp\/v2\/posts\/20441\/revisions"}],"wp:attachment":[{"href":"https:\/\/www.cnbb.org.br\/cnbb-app\/wp\/v2\/media?parent=20441"}],"wp:term":[{"taxonomy":"category","embeddable":true,"href":"https:\/\/www.cnbb.org.br\/cnbb-app\/wp\/v2\/categories?post=20441"},{"taxonomy":"post_tag","embeddable":true,"href":"https:\/\/www.cnbb.org.br\/cnbb-app\/wp\/v2\/tags?post=20441"}],"curies":[{"name":"wp","href":"https:\/\/api.w.org\/{rel}","templated":true}]}}