{"id":20469,"date":"2012-12-05T00:00:00","date_gmt":"2012-12-05T02:00:00","guid":{"rendered":"https:\/\/www.cnbb.org.br\/pastoral-da-pessoa-idosa-realiza-10o-assembleia-geral-em-curitiba\/"},"modified":"2012-12-05T00:00:00","modified_gmt":"2012-12-05T02:00:00","slug":"pastoral-da-pessoa-idosa-realiza-10o-assembleia-geral-em-curitiba","status":"publish","type":"post","link":"https:\/\/www.cnbb.org.br\/pastoral-da-pessoa-idosa-realiza-10o-assembleia-geral-em-curitiba\/","title":{"rendered":"Pastoral da Pessoa Idosa realiza 10\u00aa Assembleia Geral em Curitiba"},"content":{"rendered":"<p style=\"text-align: justify\">Representantes estaduais da Pastoral da Pessoa Idosa (PPI) de todo o Brasil est\u00e3o reunidos em Curitiba para participar da 10\u00aa Assembleia Geral da entidade. O encontro ser\u00e1 na Casa da Medalha Milagrosa, at\u00e9 a pr\u00f3xima sexta-feira, 7 de dezembro.<\/p>\n<p><!--more--><\/p>\n<p style=\"text-align: justify\">A Pastoral da Pessoa Idosa tem como presidente dom Jos\u00e9 Ant\u00f4nio Peruzzo, bispo de Palmas\/Francisco Beltr\u00e3o (PR) e como coordenadora nacional a irm\u00e3 Terezinha Tortelli.<\/p>\n<p style=\"text-align: justify\">Entre os temas abordados na Assembleia, uma retrospectiva 2012; o envelhecimento no Brasil; e o perfil de fragilidade das pessoas idosas acompanhadas pela Pastoral.<\/p>\n<p style=\"text-align: justify\">Esta Pastoral foi fundada em 5 de novembro de 2004, com a 1\u00aa Assembleia Nacional e a aprova\u00e7\u00e3o de seu Estatuto.<\/p>\n<p style=\"text-align: justify\">A Pastoral da Pessoa Idosa tem por objetivo assegurar a dignidade e a valoriza\u00e7\u00e3o integral das pessoas idosas atrav\u00e9s da promo\u00e7\u00e3o humana e espiritual, respeitando seus direitos, num processo educativo de forma\u00e7\u00e3o continuada destas, de suas fam\u00edlias e de suas comunidades sem distin\u00e7\u00e3o de ra\u00e7a, cor, profiss\u00e3o, nacionalidade, sexo, credo religioso ou pol\u00edtico; para que as fam\u00edlias e as comunidades possam conviver respeitosamente com as pessoas idosas, protagonistas de sua auto-realiza\u00e7\u00e3o.<\/p>\n","protected":false},"excerpt":{"rendered":"<p>Representantes estaduais da Pastoral da Pessoa Idosa (PPI) de todo o Brasil est\u00e3o reunidos em Curitiba para participar da 10\u00aa Assembleia Geral da entidade. O encontro ser\u00e1 na Casa da Medalha Milagrosa, at\u00e9 a pr\u00f3xima sexta-feira, 7 de dezembro.<\/p>\n","protected":false},"author":83,"featured_media":1478,"comment_status":"open","ping_status":"open","sticky":false,"template":"","format":"standard","meta":{"site-sidebar-layout":"default","site-content-layout":"default","ast-global-header-display":"","ast-banner-title-visibility":"","ast-main-header-display":"","ast-hfb-above-header-display":"","ast-hfb-below-header-display":"","ast-hfb-mobile-header-display":"","site-post-title":"","ast-breadcrumbs-content":"","ast-featured-img":"","footer-sml-layout":"","theme-transparent-header-meta":"","adv-header-id-meta":"","stick-header-meta":"","header-above-stick-meta":"","header-main-stick-meta":"","header-below-stick-meta":""},"categories":[766,780],"tags":[],"acf":[],"_links":{"self":[{"href":"https:\/\/www.cnbb.org.br\/cnbb-app\/wp\/v2\/posts\/20469"}],"collection":[{"href":"https:\/\/www.cnbb.org.br\/cnbb-app\/wp\/v2\/posts"}],"about":[{"href":"https:\/\/www.cnbb.org.br\/cnbb-app\/wp\/v2\/types\/post"}],"author":[{"embeddable":true,"href":"https:\/\/www.cnbb.org.br\/cnbb-app\/wp\/v2\/users\/83"}],"replies":[{"embeddable":true,"href":"https:\/\/www.cnbb.org.br\/cnbb-app\/wp\/v2\/comments?post=20469"}],"version-history":[{"count":0,"href":"https:\/\/www.cnbb.org.br\/cnbb-app\/wp\/v2\/posts\/20469\/revisions"}],"wp:featuredmedia":[{"embeddable":true,"href":"https:\/\/www.cnbb.org.br\/cnbb-app\/wp\/v2\/media\/1478"}],"wp:attachment":[{"href":"https:\/\/www.cnbb.org.br\/cnbb-app\/wp\/v2\/media?parent=20469"}],"wp:term":[{"taxonomy":"category","embeddable":true,"href":"https:\/\/www.cnbb.org.br\/cnbb-app\/wp\/v2\/categories?post=20469"},{"taxonomy":"post_tag","embeddable":true,"href":"https:\/\/www.cnbb.org.br\/cnbb-app\/wp\/v2\/tags?post=20469"}],"curies":[{"name":"wp","href":"https:\/\/api.w.org\/{rel}","templated":true}]}}