{"id":20713,"date":"2012-01-05T00:00:00","date_gmt":"2012-01-05T02:00:00","guid":{"rendered":"https:\/\/www.cnbb.org.br\/ministro-do-turismo-fala-sobre-a-jmj-rio-2013\/"},"modified":"2012-01-05T00:00:00","modified_gmt":"2012-01-05T02:00:00","slug":"ministro-do-turismo-fala-sobre-a-jmj-rio-2013","status":"publish","type":"post","link":"https:\/\/www.cnbb.org.br\/ministro-do-turismo-fala-sobre-a-jmj-rio-2013\/","title":{"rendered":"Ministro do Turismo fala sobre a JMJ Rio 2013"},"content":{"rendered":"<p style=\"text-align: justify\">De 23 a 28 de julho de 2013, jovens de todo o mundo estar\u00e3o reunidos na cidade do Rio de Janeiro (RJ) para a Jornada Mundial da Juventude (JMJ), que pela primeira vez vem ao Brasil. Essa \u00e9 a oportunidade dos jovens refor\u00e7arem os la\u00e7os da f\u00e9 atrav\u00e9s de palestras, adora\u00e7\u00f5es, e, claro, de um encontro com o papa Bento XVI.<\/p>\n<p><!--more--><\/p>\n<p style=\"text-align: justify\">Desde o an\u00fancio da Cidade Maravilhosa como sede do evento, a arquidiocese do Rio de Janeiro se prepara para acolher os jovens e tamb\u00e9m foca a divulga\u00e7\u00e3o desse encontro mundial. J\u00e1 foram feitos concursos para a escolha da logomarca e do hino da Jornada e, al\u00e9m disso, o \u201cEmbaixador\u201d da JMJ Rio 2013, o Cristo Redentor, ir\u00e1 percorrer os continentes em uma exposi\u00e7\u00e3o itinerante.<\/p>\n<p style=\"text-align: justify\">Os \u00f3rg\u00e3os p\u00fablicos tamb\u00e9m se preparam para a Jornada. Para o ministro do Turismo, Gast\u00e3o Vieira, a JMJ \u00e9 um estimulante para o Turismo. Ele afirmou que \u00e9 necess\u00e1rio preparar o Brasil como destino, de uma forma sustent\u00e1vel.<\/p>\n<p style=\"text-align: justify\">\u201cNosso objetivo \u00e9 preparar todo o pa\u00eds como destino tur\u00edstico, de forma sustent\u00e1vel, e levar em considera\u00e7\u00e3o os grandes eventos dos pr\u00f3ximos anos de forma integrada. Para isso, o Minist\u00e9rio do Turismo trabalha para melhorar a infraestrutura tur\u00edstica no Brasil, a divulga\u00e7\u00e3o dos nossos atrativos no exterior e a promo\u00e7\u00e3o do turismo dom\u00e9stico. As a\u00e7\u00f5es da pasta t\u00eam sido refor\u00e7adas em todas as regi\u00f5es brasileiras, potencializando o que cada uma tem de melhor para oferecer aos visitantes. Dessa forma, destinos al\u00e9m das capitais est\u00e3o desenvolvendo sua cadeia tur\u00edstica, para que os visitantes se sintam acolhidos e dispostos a retornar ao pa\u00eds em viagens futuras\u201d, disse o ministro.<\/p>\n<p style=\"text-align: justify\">Ainda de acordo com o ministro Gast\u00e3o Vieira, pelo menos dois milh\u00f5es de pessoas devem participar da Jornada, que contar\u00e1 tamb\u00e9m com as novas tecnologias para divulgar o Brasil no exterior.<\/p>\n<p style=\"text-align: justify\">\u201cO evento oferecer\u00e1 uma oportunidade fant\u00e1stica de exposi\u00e7\u00e3o tur\u00edstica do nosso pa\u00eds no exterior, especialmente aos jovens, que pela rela\u00e7\u00e3o que t\u00eam com as novas tecnologias, como as redes sociais, ser\u00e3o os grandes \u2018divulgadores\u2019 do Brasil em seus pa\u00edses. Calculamos que pelo menos dois milh\u00f5es de pessoas participem do evento, entre brasileiros e estrangeiros, o que ter\u00e1 grande impacto na economia do Rio de Janeiro e de outros estados\u201d, afirmou.<\/p>\n<p style=\"text-align: justify\">O ministro garantiu que o Rio de Janeiro tem estrutura para acolher todos os peregrinos, gra\u00e7as \u00e0 tradi\u00e7\u00e3o de acolher grandes eventos. \u201cO Rio de Janeiro tem voca\u00e7\u00e3o natural para receber um grande n\u00famero de turistas de todas as partes do mundo. A tradi\u00e7\u00e3o na prepara\u00e7\u00e3o dos grandes eventos \u2013 como a festa de R\u00e9veillon e o Carnaval \u2013 e a efici\u00eancia da atual pol\u00edtica de seguran\u00e7a p\u00fablica ratificam a compet\u00eancia da cidade para a realiza\u00e7\u00e3o de encontros como a Jornada Mundial da Juventude\u201d, ponderou.<\/p>\n","protected":false},"excerpt":{"rendered":"<p>De 23 a 28 de julho de 2013, jovens de todo o mundo estar\u00e3o reunidos na cidade do Rio de Janeiro (RJ) para a Jornada Mundial da Juventude (JMJ), que pela primeira vez vem ao Brasil. Essa \u00e9 a oportunidade dos jovens refor\u00e7arem os la\u00e7os da f\u00e9 atrav\u00e9s de palestras, adora\u00e7\u00f5es, e, claro, de um &hellip;<\/p>\n<p class=\"read-more\"> <a class=\"\" href=\"https:\/\/www.cnbb.org.br\/ministro-do-turismo-fala-sobre-a-jmj-rio-2013\/\"> <span class=\"screen-reader-text\">Ministro do Turismo fala sobre a JMJ Rio 2013<\/span> Leia mais &raquo;<\/a><\/p>\n","protected":false},"author":83,"featured_media":20714,"comment_status":"open","ping_status":"open","sticky":false,"template":"","format":"standard","meta":{"site-sidebar-layout":"default","site-content-layout":"default","ast-global-header-display":"","ast-banner-title-visibility":"","ast-main-header-display":"","ast-hfb-above-header-display":"","ast-hfb-below-header-display":"","ast-hfb-mobile-header-display":"","site-post-title":"","ast-breadcrumbs-content":"","ast-featured-img":"","footer-sml-layout":"","theme-transparent-header-meta":"","adv-header-id-meta":"","stick-header-meta":"","header-above-stick-meta":"","header-main-stick-meta":"","header-below-stick-meta":""},"categories":[766,794],"tags":[],"acf":[],"_links":{"self":[{"href":"https:\/\/www.cnbb.org.br\/cnbb-app\/wp\/v2\/posts\/20713"}],"collection":[{"href":"https:\/\/www.cnbb.org.br\/cnbb-app\/wp\/v2\/posts"}],"about":[{"href":"https:\/\/www.cnbb.org.br\/cnbb-app\/wp\/v2\/types\/post"}],"author":[{"embeddable":true,"href":"https:\/\/www.cnbb.org.br\/cnbb-app\/wp\/v2\/users\/83"}],"replies":[{"embeddable":true,"href":"https:\/\/www.cnbb.org.br\/cnbb-app\/wp\/v2\/comments?post=20713"}],"version-history":[{"count":0,"href":"https:\/\/www.cnbb.org.br\/cnbb-app\/wp\/v2\/posts\/20713\/revisions"}],"wp:featuredmedia":[{"embeddable":true,"href":"https:\/\/www.cnbb.org.br\/cnbb-app\/wp\/v2\/media\/20714"}],"wp:attachment":[{"href":"https:\/\/www.cnbb.org.br\/cnbb-app\/wp\/v2\/media?parent=20713"}],"wp:term":[{"taxonomy":"category","embeddable":true,"href":"https:\/\/www.cnbb.org.br\/cnbb-app\/wp\/v2\/categories?post=20713"},{"taxonomy":"post_tag","embeddable":true,"href":"https:\/\/www.cnbb.org.br\/cnbb-app\/wp\/v2\/tags?post=20713"}],"curies":[{"name":"wp","href":"https:\/\/api.w.org\/{rel}","templated":true}]}}