{"id":20735,"date":"2013-10-16T00:00:00","date_gmt":"2013-10-16T03:00:00","guid":{"rendered":"https:\/\/www.cnbb.org.br\/representantes-das-arquidioceses-das-cidades-sede-da-copa-do-mundo-reunem-se-em-brasilia\/"},"modified":"2013-10-16T00:00:00","modified_gmt":"2013-10-16T03:00:00","slug":"representantes-das-arquidioceses-das-cidades-sede-da-copa-do-mundo-reunem-se-em-brasilia","status":"publish","type":"post","link":"https:\/\/www.cnbb.org.br\/representantes-das-arquidioceses-das-cidades-sede-da-copa-do-mundo-reunem-se-em-brasilia\/","title":{"rendered":"Representantes das arquidioceses das cidades-sede da Copa do Mundo re\u00fanem-se em Bras\u00edlia"},"content":{"rendered":"<p style=\"text-align: justify\">\u201cEstamos nos aproximando da Copa de 2014. Sabemos que um evento desta magnitude influencia a vida dos pa\u00edses que se prop\u00f5em em sedi\u00e1-la\u201d, afirma o bispo referencial da Pastoral do Turismo e arcebispo de Maring\u00e1 (PR), dom Anuar Battisti, sobre a preocupa\u00e7\u00e3o desta Pastoral com as consequ\u00eancias da realiza\u00e7\u00e3o da Copa do Mundo no Brasil.&nbsp;<\/p>\n<p>  <!--more-->  <\/p>\n<p style=\"text-align: justify\">Dom Anuar Battisti lembra as comunidades impactadas pelas obras da Copa. \u201cAs remo\u00e7\u00f5es est\u00e3o acontecendo devido \u00e0s obras de infraestrutura em prepara\u00e7\u00e3o para evento. Precisamos nos posicionar, como Igreja, diante da realidade sofrida por estas pessoas\u201d, ressalta.<\/p>\n<p style=\"text-align: justify\">Recorda, ainda, a explora\u00e7\u00e3o sexual e o tr\u00e1fico humano. \u201cJunto com o turismo, necess\u00e1rio ao nosso pa\u00eds, veremos aumentar o risco de situa\u00e7\u00f5es de prostitui\u00e7\u00e3o atingindo especialmente a juventude e at\u00e9 mesmo crian\u00e7as e adolescentes, fato que j\u00e1 \u00e9 realidade em nosso pa\u00eds\u201d, explica.<\/p>\n<p style=\"text-align: justify\">Al\u00e9m disso, a Pastoral do Turismo preocupa-se, tamb\u00e9m, com a acolhida dos turistas que vir\u00e3o participar da Copa e conhecer o Brasil. \u201cQueremos marcar presen\u00e7a como Igreja acolhendo, oferecendo oportunidade de ora\u00e7\u00e3o e, principalmente, manifestar nossa hospitalidade\u201d, disse.<\/p>\n<p style=\"text-align: justify\">Com a finalidade de discutir todas essas quest\u00f5es, a Comiss\u00e3o Episcopal Pastoral para o Servi\u00e7o da Caridade, da Justi\u00e7a e da Paz, o Setor Mobilidade Humana e a Pastoral do Turismo promovem, a partir de hoje, 16, encontro com representantes das arquidioceses das cidades que sediar\u00e3o a Copa do Mundo. O evento tem in\u00edcio \u00e0s 14h, nas Pontif\u00edcias Obras Mission\u00e1rias e prossegue at\u00e9 amanh\u00e3, 17. Na programa\u00e7\u00e3o do encontro constam celebra\u00e7\u00f5es, palestras e partilhas de experi\u00eancias. Os participantes ir\u00e3o relatar a realidade de suas respectivas cidades-sede e a\u00e7\u00f5es desenvolvidas pela Igreja local.<\/p>\n<p style=\"text-align: justify\">Informa\u00e7\u00f5es: (61) 3340-4494 ou pelo e-mail: <a href=\"mailto:mobilidadehumana@cnbb.org.br\">mobilidadehumana@cnbb.org.br<\/a><\/p>\n","protected":false},"excerpt":{"rendered":"<p>\u201cEstamos nos aproximando da Copa de 2014. Sabemos que um evento desta magnitude influencia a vida dos pa\u00edses que se prop\u00f5em em sedi\u00e1-la\u201d, afirma o bispo referencial da Pastoral do Turismo e arcebispo de Maring\u00e1 (PR), dom Anuar Battisti, sobre a preocupa\u00e7\u00e3o desta Pastoral com as consequ\u00eancias da realiza\u00e7\u00e3o da Copa do Mundo no Brasil.&nbsp;<\/p>\n","protected":false},"author":83,"featured_media":20717,"comment_status":"open","ping_status":"open","sticky":false,"template":"","format":"standard","meta":{"site-sidebar-layout":"default","site-content-layout":"default","ast-global-header-display":"","ast-banner-title-visibility":"","ast-main-header-display":"","ast-hfb-above-header-display":"","ast-hfb-below-header-display":"","ast-hfb-mobile-header-display":"","site-post-title":"","ast-breadcrumbs-content":"","ast-featured-img":"","footer-sml-layout":"","theme-transparent-header-meta":"","adv-header-id-meta":"","stick-header-meta":"","header-above-stick-meta":"","header-main-stick-meta":"","header-below-stick-meta":""},"categories":[766,794],"tags":[],"acf":[],"_links":{"self":[{"href":"https:\/\/www.cnbb.org.br\/cnbb-app\/wp\/v2\/posts\/20735"}],"collection":[{"href":"https:\/\/www.cnbb.org.br\/cnbb-app\/wp\/v2\/posts"}],"about":[{"href":"https:\/\/www.cnbb.org.br\/cnbb-app\/wp\/v2\/types\/post"}],"author":[{"embeddable":true,"href":"https:\/\/www.cnbb.org.br\/cnbb-app\/wp\/v2\/users\/83"}],"replies":[{"embeddable":true,"href":"https:\/\/www.cnbb.org.br\/cnbb-app\/wp\/v2\/comments?post=20735"}],"version-history":[{"count":0,"href":"https:\/\/www.cnbb.org.br\/cnbb-app\/wp\/v2\/posts\/20735\/revisions"}],"wp:featuredmedia":[{"embeddable":true,"href":"https:\/\/www.cnbb.org.br\/cnbb-app\/wp\/v2\/media\/20717"}],"wp:attachment":[{"href":"https:\/\/www.cnbb.org.br\/cnbb-app\/wp\/v2\/media?parent=20735"}],"wp:term":[{"taxonomy":"category","embeddable":true,"href":"https:\/\/www.cnbb.org.br\/cnbb-app\/wp\/v2\/categories?post=20735"},{"taxonomy":"post_tag","embeddable":true,"href":"https:\/\/www.cnbb.org.br\/cnbb-app\/wp\/v2\/tags?post=20735"}],"curies":[{"name":"wp","href":"https:\/\/api.w.org\/{rel}","templated":true}]}}