{"id":20785,"date":"2009-03-16T00:00:00","date_gmt":"2009-03-16T03:00:00","guid":{"rendered":"https:\/\/www.cnbb.org.br\/cnbb-participa-do-forum-de-universitarios-em-roma\/"},"modified":"2009-03-16T00:00:00","modified_gmt":"2009-03-16T03:00:00","slug":"cnbb-participa-do-forum-de-universitarios-em-roma","status":"publish","type":"post","link":"https:\/\/www.cnbb.org.br\/cnbb-participa-do-forum-de-universitarios-em-roma\/","title":{"rendered":"CNBB participa do F\u00f3rum de Universit\u00e1rios em Roma"},"content":{"rendered":"<p style=\"text-align: justify\">No \u00faltimo fim de semana, entre os dias 12 e 15, aconteceu em Roma o F\u00f3rum de Universit\u00e1rios, com o tema \u201cEvangelho, cultura e culturas\u201d. A assessora do Setor<\/p>\n<p><!--more--><\/p>\n<p style=\"text-align: justify\">Universidades da Confer\u00eancia Nacional dos Bispos do Brasil (CNBB) irm\u00e3 Maria Eug\u00eania Lloris Aguado participou do evento, al\u00e9m de outros sete brasileiros.<\/p>\n<p style=\"text-align: justify\">O Encontro come\u00e7ou com a cerim\u00f4nia inaugural na sala da Promoteca-Campidoglio, com a presen\u00e7a do secret\u00e1rio de Estado do Vaticano, o cardeal Tarc\u00edsio Bertone; a ministra da Educa\u00e7\u00e3o, da Universidade e Pesquisa, Mariastella Gelmini, o padre Gianfranco Ravassi, entre outros.<\/p>\n<p style=\"text-align: justify\">Durante a abertura, secret\u00e1rio de Estado relembrou que o Jubileu do ano 2000 abriu a reflex\u00e3o e o debate do verdadeiro humanismo. Sublinhou tamb\u00e9m que o encontro do Evangelho com\u00a0 as culturas realiza-se de maneira existencial, e que neste encontro \u00e9 necess\u00e1rio ver qual \u00e9 o n\u00facleo gerador do ser humano que \u00e9 um ser sempre em busca da verdade.<\/p>\n<p style=\"text-align: justify\"><img decoding=\"async\" loading=\"lazy\" class=\" alignleft size-full wp-image-186\" src=\"https:\/\/www.cnbb.org.br\/wp-content\/uploads\/2020\/03\/img49be89c5e6519.jpg\" width=\"256\" height=\"192\" align=\"left\" border=\"0\" \/>\u201cO Evangelho n\u00e3o se identifica com nenhuma cultura, mas \u00e9 a \u2018alma\u2019 que movimenta a cultura. A voca\u00e7\u00e3o da Universidade \u00e9 buscar o n\u00facleo da cultura que \u00e9 a verdade sem perder o contato com o ser humano em todas as suas dimens\u00f5es, e n\u00e3o s\u00f3 a intelectual\u201d, disse o cardeal.<\/p>\n<p style=\"text-align: justify\">Foram temas do Encontro, entre outros: A pessoa humana: genealogia, biologia, biografia; Sociedade, Institui\u00e7\u00f5es, Meio Ambiente e Economia, Vis\u00e3o das ci\u00eancias e da tecnologia; Mem\u00f3ria e Criatividade: hist\u00f3ria, linguagem, literatura e arte. Outro objetivo que entrou em pauta foi a partilha das experi\u00eancias de pastoral junto aos pa\u00edses\u00a0 da Am\u00e9rica Latina presentes: Equador, Argentina e Chile. Todas as palestras est\u00e3o dispon\u00edveis na p\u00e1gina: www.university.2000.org.<\/p>\n","protected":false},"excerpt":{"rendered":"<p>No \u00faltimo fim de semana, entre os dias 12 e 15, aconteceu em Roma o F\u00f3rum de Universit\u00e1rios, com o tema \u201cEvangelho, cultura e culturas\u201d. A assessora do Setor<\/p>\n","protected":false},"author":83,"featured_media":20786,"comment_status":"open","ping_status":"open","sticky":false,"template":"","format":"standard","meta":{"site-sidebar-layout":"default","site-content-layout":"default","ast-global-header-display":"","ast-banner-title-visibility":"","ast-main-header-display":"","ast-hfb-above-header-display":"","ast-hfb-below-header-display":"","ast-hfb-mobile-header-display":"","site-post-title":"","ast-breadcrumbs-content":"","ast-featured-img":"","footer-sml-layout":"","theme-transparent-header-meta":"","adv-header-id-meta":"","stick-header-meta":"","header-above-stick-meta":"","header-main-stick-meta":"","header-below-stick-meta":""},"categories":[766,849],"tags":[],"acf":[],"_links":{"self":[{"href":"https:\/\/www.cnbb.org.br\/cnbb-app\/wp\/v2\/posts\/20785"}],"collection":[{"href":"https:\/\/www.cnbb.org.br\/cnbb-app\/wp\/v2\/posts"}],"about":[{"href":"https:\/\/www.cnbb.org.br\/cnbb-app\/wp\/v2\/types\/post"}],"author":[{"embeddable":true,"href":"https:\/\/www.cnbb.org.br\/cnbb-app\/wp\/v2\/users\/83"}],"replies":[{"embeddable":true,"href":"https:\/\/www.cnbb.org.br\/cnbb-app\/wp\/v2\/comments?post=20785"}],"version-history":[{"count":0,"href":"https:\/\/www.cnbb.org.br\/cnbb-app\/wp\/v2\/posts\/20785\/revisions"}],"wp:featuredmedia":[{"embeddable":true,"href":"https:\/\/www.cnbb.org.br\/cnbb-app\/wp\/v2\/media\/20786"}],"wp:attachment":[{"href":"https:\/\/www.cnbb.org.br\/cnbb-app\/wp\/v2\/media?parent=20785"}],"wp:term":[{"taxonomy":"category","embeddable":true,"href":"https:\/\/www.cnbb.org.br\/cnbb-app\/wp\/v2\/categories?post=20785"},{"taxonomy":"post_tag","embeddable":true,"href":"https:\/\/www.cnbb.org.br\/cnbb-app\/wp\/v2\/tags?post=20785"}],"curies":[{"name":"wp","href":"https:\/\/api.w.org\/{rel}","templated":true}]}}