{"id":20808,"date":"2010-07-24T00:00:00","date_gmt":"2010-07-24T03:00:00","guid":{"rendered":"https:\/\/www.cnbb.org.br\/setor-univerisade-planeja-acoes-para-2011\/"},"modified":"2010-07-24T00:00:00","modified_gmt":"2010-07-24T03:00:00","slug":"setor-univerisade-planeja-acoes-para-2011","status":"publish","type":"post","link":"https:\/\/www.cnbb.org.br\/setor-univerisade-planeja-acoes-para-2011\/","title":{"rendered":"Setor Universidades planeja a\u00e7\u00f5es para 2011"},"content":{"rendered":"<p>&nbsp;<\/p>\n<p style=\"text-align: justify\">O Setor Universidades, da Comiss\u00e3o Episcopal Pastoral para a Educa\u00e7\u00e3o, Cultura e Comunica\u00e7\u00e3o Social da CNBB, se reuniu nesta semana, em Aparecida (SP), nos dias, 21 e 22, para definir as linhas da a\u00e7\u00e3o evangelizadora no meio universit\u00e1rio. Participaram representantes das distintas iniciativas de Pastoral Universit\u00e1ria<\/p>\n<p><!--more--><\/p>\n<p style=\"text-align: justify\">O bispo auxiliar de Goi\u00e2nia, dom Waldemar Passini Dalbello, assessorou o encontro juntamente com o arcebispo de Sorocaba (SP), dom Eduardo Benes, bispo de referencial do Setor.<\/p>\n<p style=\"text-align: justify\">\u201cO grupo debateu as grandes linhas que podem nortear nossa a\u00e7\u00e3o evangelizadora, deixando por escrito os frutos de sua reflex\u00e3o para uma elabora\u00e7\u00e3o mais apurada, que dever\u00e1 ser apresentada em fevereiro do pr\u00f3ximo\u00a0 ano\u00a0 ao grupo de reflex\u00e3o\u201d, explica a assessora do Setor, irm\u00e3 Maria Eug\u00eania Lloris Aguado.<\/p>\n<p>Os participantes salientaram a import\u00e2ncia do encontro por ter aberto espa\u00e7o para o debate e a reflex\u00e3o conjunta. \u201cIsso possibilitou o encontro de pontos referenciais em meio \u00e0 pluralidade que nos apresenta o meio universit\u00e1rio no Brasil\u201d, recordou a assessora.<\/p>\n","protected":false},"excerpt":{"rendered":"<p>&nbsp; O Setor Universidades, da Comiss\u00e3o Episcopal Pastoral para a Educa\u00e7\u00e3o, Cultura e Comunica\u00e7\u00e3o Social da CNBB, se reuniu nesta semana, em Aparecida (SP), nos dias, 21 e 22, para definir as linhas da a\u00e7\u00e3o evangelizadora no meio universit\u00e1rio. Participaram representantes das distintas iniciativas de Pastoral Universit\u00e1ria<\/p>\n","protected":false},"author":83,"featured_media":20809,"comment_status":"open","ping_status":"open","sticky":false,"template":"","format":"standard","meta":{"site-sidebar-layout":"default","site-content-layout":"default","ast-global-header-display":"","ast-banner-title-visibility":"","ast-main-header-display":"","ast-hfb-above-header-display":"","ast-hfb-below-header-display":"","ast-hfb-mobile-header-display":"","site-post-title":"","ast-breadcrumbs-content":"","ast-featured-img":"","footer-sml-layout":"","theme-transparent-header-meta":"","adv-header-id-meta":"","stick-header-meta":"","header-above-stick-meta":"","header-main-stick-meta":"","header-below-stick-meta":""},"categories":[766,849],"tags":[],"acf":[],"_links":{"self":[{"href":"https:\/\/www.cnbb.org.br\/cnbb-app\/wp\/v2\/posts\/20808"}],"collection":[{"href":"https:\/\/www.cnbb.org.br\/cnbb-app\/wp\/v2\/posts"}],"about":[{"href":"https:\/\/www.cnbb.org.br\/cnbb-app\/wp\/v2\/types\/post"}],"author":[{"embeddable":true,"href":"https:\/\/www.cnbb.org.br\/cnbb-app\/wp\/v2\/users\/83"}],"replies":[{"embeddable":true,"href":"https:\/\/www.cnbb.org.br\/cnbb-app\/wp\/v2\/comments?post=20808"}],"version-history":[{"count":0,"href":"https:\/\/www.cnbb.org.br\/cnbb-app\/wp\/v2\/posts\/20808\/revisions"}],"wp:featuredmedia":[{"embeddable":true,"href":"https:\/\/www.cnbb.org.br\/cnbb-app\/wp\/v2\/media\/20809"}],"wp:attachment":[{"href":"https:\/\/www.cnbb.org.br\/cnbb-app\/wp\/v2\/media?parent=20808"}],"wp:term":[{"taxonomy":"category","embeddable":true,"href":"https:\/\/www.cnbb.org.br\/cnbb-app\/wp\/v2\/categories?post=20808"},{"taxonomy":"post_tag","embeddable":true,"href":"https:\/\/www.cnbb.org.br\/cnbb-app\/wp\/v2\/tags?post=20808"}],"curies":[{"name":"wp","href":"https:\/\/api.w.org\/{rel}","templated":true}]}}