{"id":20834,"date":"2011-03-31T00:00:00","date_gmt":"2011-03-31T03:00:00","guid":{"rendered":"https:\/\/www.cnbb.org.br\/setor-universidades-visita-cidades-da-bahia-auxiliando-na-implantacao-da-pastoral-universitaria\/"},"modified":"2011-03-31T00:00:00","modified_gmt":"2011-03-31T03:00:00","slug":"setor-universidades-visita-cidades-da-bahia-auxiliando-na-implantacao-da-pastoral-universitaria","status":"publish","type":"post","link":"https:\/\/www.cnbb.org.br\/setor-universidades-visita-cidades-da-bahia-auxiliando-na-implantacao-da-pastoral-universitaria\/","title":{"rendered":"Setor Universidades visita cidades da Bahia auxiliando na implanta\u00e7\u00e3o da Pastoral Universit\u00e1ria"},"content":{"rendered":"<p style=\"text-align: justify\">A coordena\u00e7\u00e3o da Pastoral Universit\u00e1ria (PU) da Bahia, juntamente com a assessora do Setor Universidades, da Confer\u00eancia Nacional dos Bispos do Brasil (CNBB), irm\u00e3 Maria Eug\u00eania Lloris Aguado, est\u00e3o visitando diversas cidades do estado fortalecendo os la\u00e7os das Universidades que tem a a\u00e7\u00e3o PU e conhecendo cidades que pediram apoio na implanta\u00e7\u00e3o da Pastoral.<\/p>\n<p><!--more--><\/p>\n<p style=\"text-align: justify\">Desde o dia 27 de mar\u00e7o, at\u00e9 o dia 3 de abril, eles percorrer\u00e3o ao todo nove cidades, para divulgar, conhecer as experi\u00eancias, fazer contatos e suscitar nas pessoas interesses e desejos de iniciar a Pastoral Universit\u00e1ria.<\/p>\n<p style=\"text-align: justify\">\u201cA Caravana\u201d, como est\u00e1 sendo chamada essa visita\u00e7\u00e3o, passou pela Universidade Federal do Rec\u00f4ncavo Baiano, em Salvador, \u201conde se encontrou com 15 jovens que apresentaram o desejo de iniciar um grupo de Pastoral na Universidade\u201d, destacou irm\u00e3 Eug\u00eania.<\/p>\n<p style=\"text-align: justify\"><img decoding=\"async\" loading=\"lazy\" class=\" alignleft size-full wp-image-9062\" style=\"float: left\" src=\"https:\/\/www.cnbb.org.br\/wp-content\/uploads\/2020\/03\/Salvador.jpg\" alt=\"Salvador\" width=\"300\" height=\"169\" \/>Depois seguiram para a cidade de Cruz das Almas, onde o padre Carlos Andr\u00e9 celebrou a eucaristia, na igreja matriz e o padre Gil Andr\u00e9, p\u00e1roco da igreja, convocou os jovens universit\u00e1rios interessados em conhecer o trabalho da PU a ficarem ap\u00f3s a celebra\u00e7\u00e3o para um bate papo. \u201cA surpresa foi que o n\u00famero de jovens que ficaram chegou a 50, onde pudemos perceber que o jovem esta sedento de algo a mais na Universidade. Diante deste desejo, j\u00e1 marcamos reuni\u00e3o para o pr\u00f3ximo dia 10 de abril, onde realmente ir\u00e3o come\u00e7ar um grupo de PU\u201d, destacou a assessora do Setor Universidades.<\/p>\n<p style=\"text-align: justify\">No dia seguinte seguiram em dire\u00e7\u00e3o a Feira de Santana, se encontraram com alguns jovens envolvidos com a pastoral na Universidade Estadual de Feira de Santana e na cidade de Am\u00e9lia Rodrigues, houve o relato de a\u00e7\u00f5es que os jovens fazem na Universidade local.<\/p>\n<p style=\"text-align: justify\">Na ter\u00e7a feira, dia 29 a caravana passou o dia na cidade de Serrinha, realizando uma reuni\u00e3o com algumas pessoas interessadas em iniciar a PU na diocese. Pela tarde visitaram o campus da Universidade do Estado da Bahia (UNEB), onde foram recebidos pelo diretor da Universidade que mostrou uma grande abertura ao projeto de iniciar a Pastoral dentro da Universidade.<\/p>\n<p style=\"text-align: justify\"><img decoding=\"async\" loading=\"lazy\" class=\" alignleft size-full wp-image-9063\" style=\"float: left\" src=\"https:\/\/www.cnbb.org.br\/wp-content\/uploads\/2020\/03\/eugnia_e_bispos.jpg\" alt=\"eugnia_e_bispos\" width=\"300\" height=\"225\" \/>No dia 30 foi a vez da visita\u00e7\u00e3o \u00e0 cidade de Alagoinhas. \u00c0 tarde, a caravana retornou a Salvador, para participar do encontro com os bispos do Regional CNBB Nordeste 3 da CNBB (Bahia e Sergipe), na qual a irm\u00e3 Eug\u00eania Lloris, o padre Carlos Andr\u00e9 e a jovem Joyce Konig relataram os caminhos do Setor Universidades da CNBB, os projetos; as a\u00e7\u00f5es e experi\u00eancias que a PU de Salvador vem realizando e falaram um pouco sobre a experi\u00eancia da \u201cCaravana\u201dnas cidades do interior da Bahia.<\/p>\n<p style=\"text-align: justify\">\u201cOs frutos da \u2018Caravana\u2019, antes mesmo de finalizar j\u00e1 est\u00e3o aparecendo, um jovem de uma cidade onde n\u00e3o ir\u00edamos passar, entrou em contato, pedindo pass\u00e1ssemos em sua cidade para auxiliar com a Pastoral. Ainda iremos \u00e0 Itabuna, Ilh\u00e9us e Vitoria da Conquista\u201d, destacou uma das coordenadoras da PU no estado, Joyce Konig.<\/p>\n","protected":false},"excerpt":{"rendered":"<p>A coordena\u00e7\u00e3o da Pastoral Universit\u00e1ria (PU) da Bahia, juntamente com a assessora do Setor Universidades, da Confer\u00eancia Nacional dos Bispos do Brasil (CNBB), irm\u00e3 Maria Eug\u00eania Lloris Aguado, est\u00e3o visitando diversas cidades do estado fortalecendo os la\u00e7os das Universidades que tem a a\u00e7\u00e3o PU e conhecendo cidades que pediram apoio na implanta\u00e7\u00e3o da Pastoral.<\/p>\n","protected":false},"author":83,"featured_media":20835,"comment_status":"open","ping_status":"open","sticky":false,"template":"","format":"standard","meta":{"site-sidebar-layout":"default","site-content-layout":"default","ast-global-header-display":"","ast-banner-title-visibility":"","ast-main-header-display":"","ast-hfb-above-header-display":"","ast-hfb-below-header-display":"","ast-hfb-mobile-header-display":"","site-post-title":"","ast-breadcrumbs-content":"","ast-featured-img":"","footer-sml-layout":"","theme-transparent-header-meta":"","adv-header-id-meta":"","stick-header-meta":"","header-above-stick-meta":"","header-main-stick-meta":"","header-below-stick-meta":""},"categories":[766,849],"tags":[],"acf":[],"_links":{"self":[{"href":"https:\/\/www.cnbb.org.br\/cnbb-app\/wp\/v2\/posts\/20834"}],"collection":[{"href":"https:\/\/www.cnbb.org.br\/cnbb-app\/wp\/v2\/posts"}],"about":[{"href":"https:\/\/www.cnbb.org.br\/cnbb-app\/wp\/v2\/types\/post"}],"author":[{"embeddable":true,"href":"https:\/\/www.cnbb.org.br\/cnbb-app\/wp\/v2\/users\/83"}],"replies":[{"embeddable":true,"href":"https:\/\/www.cnbb.org.br\/cnbb-app\/wp\/v2\/comments?post=20834"}],"version-history":[{"count":0,"href":"https:\/\/www.cnbb.org.br\/cnbb-app\/wp\/v2\/posts\/20834\/revisions"}],"wp:featuredmedia":[{"embeddable":true,"href":"https:\/\/www.cnbb.org.br\/cnbb-app\/wp\/v2\/media\/20835"}],"wp:attachment":[{"href":"https:\/\/www.cnbb.org.br\/cnbb-app\/wp\/v2\/media?parent=20834"}],"wp:term":[{"taxonomy":"category","embeddable":true,"href":"https:\/\/www.cnbb.org.br\/cnbb-app\/wp\/v2\/categories?post=20834"},{"taxonomy":"post_tag","embeddable":true,"href":"https:\/\/www.cnbb.org.br\/cnbb-app\/wp\/v2\/tags?post=20834"}],"curies":[{"name":"wp","href":"https:\/\/api.w.org\/{rel}","templated":true}]}}