{"id":20848,"date":"2011-08-15T00:00:00","date_gmt":"2011-08-15T03:00:00","guid":{"rendered":"https:\/\/www.cnbb.org.br\/brasil-participa-do-congresso-mundial-das-universidades-catolicas-em-madri\/"},"modified":"2011-08-15T00:00:00","modified_gmt":"2011-08-15T03:00:00","slug":"brasil-participa-do-congresso-mundial-das-universidades-catolicas-em-madri","status":"publish","type":"post","link":"https:\/\/www.cnbb.org.br\/brasil-participa-do-congresso-mundial-das-universidades-catolicas-em-madri\/","title":{"rendered":"Brasil participa do Congresso Mundial das Universidades Cat\u00f3licas, na Espanha"},"content":{"rendered":"<p style=\"text-align: justify\">A cidade espanhola de \u00c1vila foi palco do Congresso Mundial de Universidades Cat\u00f3licas e reuniu professores cat\u00f3licos de mais de 40 pa\u00edses e 166 universidades presentes para debater os rumos da Universidade no mundo. O congresso foi organizado pela Universidade Cat\u00f3lica de \u00c1vila e foi realizando durante a semana (8 a 13) que antecede a Jornada Mundial da Juventude em Madrid.<\/p>\n<p><!--more--><\/p>\n<p style=\"text-align: justify\">Durante o congresso, a cidade de Belo Horizonte (MG) foi escolhida como sede do pr\u00f3ximo Congresso, que deve acontecer em 2013.<\/p>\n<p style=\"text-align: justify\"><img decoding=\"async\" loading=\"lazy\" class=\" alignright size-full wp-image-11184\" style=\"float: right\" src=\"https:\/\/www.cnbb.org.br\/wp-content\/uploads\/2020\/03\/encontromundialdeuniversidadescatolicas2.jpg\" alt=\"encontromundialdeuniversidadescatolicas2\" width=\"300\" height=\"225\" \/>Houve confer\u00eancias, mesas tem\u00e1ticas, que abordaram discutiram a Identidade e a Nova Evangeliza\u00e7\u00e3o das Universidades Cat\u00f3licas; A contribui\u00e7\u00e3o da educa\u00e7\u00e3o cat\u00f3lica universit\u00e1ria aos direitos humanos e a resposta da Universidade Cat\u00f3lica aos grandes desafios da humanidade. Conferencistas de diferentes partes do mundo puderam dar as suas contribui\u00e7\u00f5es.<\/p>\n<p style=\"text-align: justify\">Esteve no evento, representando as institui\u00e7\u00f5es do Brasil, o Setor Universidades, da Confer\u00eancia Nacional dos Bispos do Brasil (CNBB); representantes da arquidiocese de Belo Horizonte; Associa\u00e7\u00e3o Nacional de Educa\u00e7\u00e3o Cat\u00f3lica (ANEC); Reitores e representantes das Pontif\u00edcias Universidades Cat\u00f3licas de: Minas Gerais, Paran\u00e1, S\u00e3o Paulo, Goi\u00e1s; e dos Centros Universit\u00e1rios de S\u00e3o Camilo e Salesianos; Pastoral Universit\u00e1ria de Cascavel e Faculdade de Par\u00e1 de Minas (FAPAM).<\/p>\n<p style=\"text-align: justify\">Segundo um dos participantes, o professor Paulo Roberto de Sousa, \u201cFoi uma grande oportunidade para se estimular o dialogo entre as Universidades cat\u00f3licas do mundo e discutir seus desafios contempor\u00e2neos\u201d.<\/p>\n","protected":false},"excerpt":{"rendered":"<p>A cidade espanhola de \u00c1vila foi palco do Congresso Mundial de Universidades Cat\u00f3licas e reuniu professores cat\u00f3licos de mais de 40 pa\u00edses e 166 universidades presentes para debater os rumos da Universidade no mundo. O congresso foi organizado pela Universidade Cat\u00f3lica de \u00c1vila e foi realizando durante a semana (8 a 13) que antecede a &hellip;<\/p>\n<p class=\"read-more\"> <a class=\"\" href=\"https:\/\/www.cnbb.org.br\/brasil-participa-do-congresso-mundial-das-universidades-catolicas-em-madri\/\"> <span class=\"screen-reader-text\">Brasil participa do Congresso Mundial das Universidades Cat\u00f3licas, na Espanha<\/span> Leia mais &raquo;<\/a><\/p>\n","protected":false},"author":83,"featured_media":20849,"comment_status":"open","ping_status":"open","sticky":false,"template":"","format":"standard","meta":{"site-sidebar-layout":"default","site-content-layout":"default","ast-global-header-display":"","ast-banner-title-visibility":"","ast-main-header-display":"","ast-hfb-above-header-display":"","ast-hfb-below-header-display":"","ast-hfb-mobile-header-display":"","site-post-title":"","ast-breadcrumbs-content":"","ast-featured-img":"","footer-sml-layout":"","theme-transparent-header-meta":"","adv-header-id-meta":"","stick-header-meta":"","header-above-stick-meta":"","header-main-stick-meta":"","header-below-stick-meta":""},"categories":[766,849],"tags":[],"acf":[],"_links":{"self":[{"href":"https:\/\/www.cnbb.org.br\/cnbb-app\/wp\/v2\/posts\/20848"}],"collection":[{"href":"https:\/\/www.cnbb.org.br\/cnbb-app\/wp\/v2\/posts"}],"about":[{"href":"https:\/\/www.cnbb.org.br\/cnbb-app\/wp\/v2\/types\/post"}],"author":[{"embeddable":true,"href":"https:\/\/www.cnbb.org.br\/cnbb-app\/wp\/v2\/users\/83"}],"replies":[{"embeddable":true,"href":"https:\/\/www.cnbb.org.br\/cnbb-app\/wp\/v2\/comments?post=20848"}],"version-history":[{"count":0,"href":"https:\/\/www.cnbb.org.br\/cnbb-app\/wp\/v2\/posts\/20848\/revisions"}],"wp:featuredmedia":[{"embeddable":true,"href":"https:\/\/www.cnbb.org.br\/cnbb-app\/wp\/v2\/media\/20849"}],"wp:attachment":[{"href":"https:\/\/www.cnbb.org.br\/cnbb-app\/wp\/v2\/media?parent=20848"}],"wp:term":[{"taxonomy":"category","embeddable":true,"href":"https:\/\/www.cnbb.org.br\/cnbb-app\/wp\/v2\/categories?post=20848"},{"taxonomy":"post_tag","embeddable":true,"href":"https:\/\/www.cnbb.org.br\/cnbb-app\/wp\/v2\/tags?post=20848"}],"curies":[{"name":"wp","href":"https:\/\/api.w.org\/{rel}","templated":true}]}}