{"id":20856,"date":"2011-09-02T00:00:00","date_gmt":"2011-09-02T03:00:00","guid":{"rendered":"https:\/\/www.cnbb.org.br\/jovens-na-universidade\/"},"modified":"2011-09-02T00:00:00","modified_gmt":"2011-09-02T03:00:00","slug":"jovens-na-universidade","status":"publish","type":"post","link":"https:\/\/www.cnbb.org.br\/jovens-na-universidade\/","title":{"rendered":"Jovens na universidade"},"content":{"rendered":"<h4 style=\"text-align: right\">Dom Walmor Oliveira de Azevedo<\/h4>\n<h4 style=\"text-align: right\">Arcebispo metropolitano de Belo Horizonte &#8211; MG<\/h4>\n<p style=\"text-align: justify\">Os jovens na universidade, bem como em outras institui\u00e7\u00f5es e realidades, configuram um tema de alta relev\u00e2ncia para governos, institui\u00e7\u00f5es outras, fam\u00edlias e Igreja Cat\u00f3lica. Essa import\u00e2ncia se consolida ao se considerar os n\u00fameros, em que pese o desafio de milhares e milhares de outros jovens que est\u00e3o fora deste lugar, direito seu, particularmente aqueles em situa\u00e7\u00e3o de risco social e humanit\u00e1rio.<\/p>\n<p><!--more--><\/p>\n<p style=\"text-align: justify\">O censo de educa\u00e7\u00e3o superior do Instituto Nacional de Estudos e Pesquisas Educacionais (Inep) &#8211; Minist\u00e9rio da Educa\u00e7\u00e3o (MEC), de 2009, contabilizou um n\u00famero de quase seis milh\u00f5es de jovens que frequentam a gradua\u00e7\u00e3o nas institui\u00e7\u00f5es de ensino superior no Brasil. Neste n\u00famero est\u00e3o os 522.462 graduandos em Minas Gerais. A educa\u00e7\u00e3o cat\u00f3lica cuida de 65.167 dos 246.722 estudantes nas v\u00e1rias institui\u00e7\u00f5es de ensino superior cat\u00f3licas de norte a sul, leste a oeste do Pa\u00eds. Um servi\u00e7o educativo e formativo capitaneado pela Associa\u00e7\u00e3o Nacional de Educa\u00e7\u00e3o Cat\u00f3lica (ANEC), com compet\u00eancia, seriedade e fidelidade a princ\u00edpios \u00e9ticos e de sustentabilidade. Um passo novo e ainda recente, mas s\u00f3lido e consistente como fruto de amadurecidos e bem trabalhados projetos e a\u00e7\u00f5es nesta hist\u00f3ria da Igreja Cat\u00f3lica.<\/p>\n<p style=\"text-align: justify\">Na verdade, a hist\u00f3ria da educa\u00e7\u00e3o cat\u00f3lica configura a da educa\u00e7\u00e3o nas civiliza\u00e7\u00f5es, merecendo particular relevo, por nos dizer respeito diretamente, na hist\u00f3ria da civiliza\u00e7\u00e3o no mundo ocidental. A PUC Minas tem a\u00ed uma grande responsabilidade educativa. Esta educa\u00e7\u00e3o cat\u00f3lica est\u00e1 presente, igualmente de maneira significativa, em n\u00famero e servi\u00e7os formativos, pelo Brasil afora.<\/p>\n<p style=\"text-align: justify\">No horizonte desta responsabilidade educativa integral p\u00f5e-se o desafio da evangeliza\u00e7\u00e3o da juventude. N\u00e3o se cumpre apenas uma tarefa de forma\u00e7\u00e3o t\u00e9cnica e profissional, ressaltada a sua import\u00e2ncia e o comprometimento com sua alta qualidade, para o bem destes mesmos jovens e visando o futuro da sociedade brasileira. A identidade cat\u00f3lica \u00e9 uma marca incontestavelmente importante e indispens\u00e1vel, em se tratando de valores e princ\u00edpios, da fonte inesgot\u00e1vel do Evangelho de Jesus Cristo, a serem aprendidos e vividos, oportunizando a edifica\u00e7\u00e3o da cultura da paz e o sonho de avan\u00e7ar nas conquistas pr\u00f3prias da civiliza\u00e7\u00e3o do amor. \u00a0\u00a0 \u00a0\u00a0\u00a0 \u00a0\u00a0\u00a0 \u00a0\u00a0\u00a0 \u00a0\u00a0\u00a0 \u00a0A identidade e miss\u00e3o cat\u00f3licas marcam um diferencial que agrega possibilidades de respostas no entendimento e transforma\u00e7\u00f5es urgentes na complexidade da realidade contempor\u00e2nea, particularmente no que se refere aos jovens e suas demandas formativas. Esta \u00e9 tamb\u00e9m uma miss\u00e3o nas institui\u00e7\u00f5es de ensino estatais e privadas, respeitadas as din\u00e2micas e limites pr\u00f3prios, considerando-se a laicidade das institui\u00e7\u00f5es governamentais e privadas. \u00c9 direito e dever cuidar da f\u00e9 crist\u00e3 e cat\u00f3lica na vida destes jovens que, ao entrar nestas institui\u00e7\u00f5es, j\u00e1 est\u00e3o marcados com o selo de op\u00e7\u00e3o religiosa e confessional &#8211; um direito a ser respeitado e um patrim\u00f4nio a ser cultivado por configurar, determinantemente, a identidade pessoal, familiar e cidad\u00e3. Esta tarefa est\u00e1 emoldurada e iluminada pela renova\u00e7\u00e3o, de maneira eficaz e realista, da op\u00e7\u00e3o preferencial pelos jovens na Igreja, em estreita uni\u00e3o com suas fam\u00edlias. \u00c9 essencial a tarefa de propor aos jovens o encontro com Jesus Cristo e seu seguimento na Igreja, garantindo-lhes a realiza\u00e7\u00e3o plena da dignidade de ser humano. Tamb\u00e9m a forma\u00e7\u00e3o da personalidade e uma forma\u00e7\u00e3o gradual, \u00e0 luz da f\u00e9 e dos valores cidad\u00e3os, para a\u00e7\u00e3o social e pol\u00edtica e mudan\u00e7a de estruturas.<\/p>\n<p style=\"text-align: justify\">O Documento 85, Evangeliza\u00e7\u00e3o da Juventude, da Confer\u00eancia Nacional dos Bispos do Brasil (2007), \u00e9 norteador na compreens\u00e3o dessa miss\u00e3o que j\u00e1 est\u00e1 dando frutos e abrindo perspectivas promissoras no trabalho com as juventudes do Brasil.<\/p>\n<p style=\"text-align: justify\">2013, ano da Jornada Mundial da Juventude no Brasil &#8211; j\u00e1 em estado mission\u00e1rio de prepara\u00e7\u00e3o, ser\u00e1 enriquecido com a Campanha da Fraternidade, tratando este tema nas dioceses e par\u00f3quias do Pa\u00eds. Como momento importante, que precede a Jornada Mundial no Brasil, em Belo Horizonte, se realizar\u00e1 o II Congresso Mundial de Universidades e Universit\u00e1rios Crist\u00e3os Cat\u00f3licos, como aconteceu, neste ano, em \u00c1vila, Espanha, antes do admir\u00e1vel evento da Jornada Mundial de Madri, consolidando a convic\u00e7\u00e3o de que a Universidade Cat\u00f3lica \u00e9 fort\u00edssimo instrumento evangelizador e na forma\u00e7\u00e3o da cultura da paz. Basta pensar a import\u00e2ncia de formar profissionais e formadores de opini\u00e3o, no presente e para o futuro, marcados com os valores crist\u00e3os.<\/p>\n<p style=\"text-align: justify\">A Arquidiocese de Belo Horizonte, por meio da PUC Minas, a Confer\u00eancia Nacional dos Bispos do Brasil e a Comiss\u00e3o Episcopal Pastoral para a Cultura e Educa\u00e7\u00e3o &#8211; setor Universidades assumem, com alegria mission\u00e1ria, a realiza\u00e7\u00e3o deste evento para garantir avan\u00e7os na tarefa de qualificar a forma\u00e7\u00e3o e a evangeliza\u00e7\u00e3o dos jovens na universidade.<\/p>\n","protected":false},"excerpt":{"rendered":"<p>Dom Walmor Oliveira de Azevedo Arcebispo metropolitano de Belo Horizonte &#8211; MG Os jovens na universidade, bem como em outras institui\u00e7\u00f5es e realidades, configuram um tema de alta relev\u00e2ncia para governos, institui\u00e7\u00f5es outras, fam\u00edlias e Igreja Cat\u00f3lica. Essa import\u00e2ncia se consolida ao se considerar os n\u00fameros, em que pese o desafio de milhares e milhares &hellip;<\/p>\n<p class=\"read-more\"> <a class=\"\" href=\"https:\/\/www.cnbb.org.br\/jovens-na-universidade\/\"> <span class=\"screen-reader-text\">Jovens na universidade<\/span> Leia mais &raquo;<\/a><\/p>\n","protected":false},"author":83,"featured_media":0,"comment_status":"open","ping_status":"open","sticky":false,"template":"","format":"standard","meta":{"site-sidebar-layout":"default","site-content-layout":"default","ast-global-header-display":"","ast-banner-title-visibility":"","ast-main-header-display":"","ast-hfb-above-header-display":"","ast-hfb-below-header-display":"","ast-hfb-mobile-header-display":"","site-post-title":"","ast-breadcrumbs-content":"","ast-featured-img":"","footer-sml-layout":"","theme-transparent-header-meta":"","adv-header-id-meta":"","stick-header-meta":"","header-above-stick-meta":"","header-main-stick-meta":"","header-below-stick-meta":""},"categories":[766,849],"tags":[],"acf":[],"_links":{"self":[{"href":"https:\/\/www.cnbb.org.br\/cnbb-app\/wp\/v2\/posts\/20856"}],"collection":[{"href":"https:\/\/www.cnbb.org.br\/cnbb-app\/wp\/v2\/posts"}],"about":[{"href":"https:\/\/www.cnbb.org.br\/cnbb-app\/wp\/v2\/types\/post"}],"author":[{"embeddable":true,"href":"https:\/\/www.cnbb.org.br\/cnbb-app\/wp\/v2\/users\/83"}],"replies":[{"embeddable":true,"href":"https:\/\/www.cnbb.org.br\/cnbb-app\/wp\/v2\/comments?post=20856"}],"version-history":[{"count":0,"href":"https:\/\/www.cnbb.org.br\/cnbb-app\/wp\/v2\/posts\/20856\/revisions"}],"wp:attachment":[{"href":"https:\/\/www.cnbb.org.br\/cnbb-app\/wp\/v2\/media?parent=20856"}],"wp:term":[{"taxonomy":"category","embeddable":true,"href":"https:\/\/www.cnbb.org.br\/cnbb-app\/wp\/v2\/categories?post=20856"},{"taxonomy":"post_tag","embeddable":true,"href":"https:\/\/www.cnbb.org.br\/cnbb-app\/wp\/v2\/tags?post=20856"}],"curies":[{"name":"wp","href":"https:\/\/api.w.org\/{rel}","templated":true}]}}