{"id":20880,"date":"2012-02-01T00:00:00","date_gmt":"2012-02-01T02:00:00","guid":{"rendered":"https:\/\/www.cnbb.org.br\/dom-tarcisio-scaramussa-se-encontra-com-colaboradores-do-setor-universidades\/"},"modified":"2012-02-01T00:00:00","modified_gmt":"2012-02-01T02:00:00","slug":"dom-tarcisio-scaramussa-se-encontra-com-colaboradores-do-setor-universidades","status":"publish","type":"post","link":"https:\/\/www.cnbb.org.br\/dom-tarcisio-scaramussa-se-encontra-com-colaboradores-do-setor-universidades\/","title":{"rendered":"Dom Tarc\u00edsio Scaramussa se encontra com colaboradores do Setor Universidades"},"content":{"rendered":"<p style=\"text-align: justify\">O \u00faltimo dia de encontro de colaboradores do Setor Universidades da Confer\u00eancia Nacional dos Bispos do Brasil (CNBB) foi marcado pela participa\u00e7\u00e3o do bispo referencial do Setor Universidades, dom Tarc\u00edsio Scaramussa, que \u00e9 bispo auxiliar de S\u00e3o Paulo (SP). O bispo foi ao encontro do grupo na manh\u00e3 do domingo, 29, e destacou a import\u00e2ncia do envolvimento dos jovens na a\u00e7\u00e3o evangelizadora no meio universit\u00e1rio. A reuni\u00e3o, realizada no Centro Mari\u00e1polis Ginetta, na cidade de Vargem Grande Paulista (SP), teve in\u00edcio na quinta-feira, 26, e foi composta por momentos dedicados \u00e0 espiritualidade, apresenta\u00e7\u00e3o do Plano Quadrienal 2012-2015 do Setor Universidades, di\u00e1logos formativos e entrosamento entre participantes.<\/p>\n<p><!--more--><\/p>\n<p style=\"text-align: justify\">Representantes da Pastoral Universit\u00e1ria de Salvador (BA), Pastoral Universit\u00e1ria da PUC-Minas (MG), Par\u00f3quia Universit\u00e1ria da arquidiocese de Goi\u00e2nia (GO), Movimentos dos Em\u00e1us, dos Focolares e da Renova\u00e7\u00e3o Carism\u00e1tica Cat\u00f3lica foram ouvidos por dom Tarc\u00edsio durante a apresenta\u00e7\u00e3o do projeto de realiza\u00e7\u00e3o do 2\u00ba Encontro Brasileiro de Universit\u00e1rios Crist\u00e3os (EBRUC). A assessora do Setor Universidades, irm\u00e3 Maria Eugenia Lloris Aguado, coordenou o momento que foi reservado para interc\u00e2mbio de ideias entre os colaboradores e o bispo. Os jovens puderam opinar sobre o projeto e ainda comprometeram-se com fun\u00e7\u00f5es espec\u00edficas na equipe que organizar\u00e1 o EBRUC deste ano.<\/p>\n<p style=\"text-align: justify\">O 2\u00ba EBRUC ser\u00e1 promovido pelo Setor Universidades e pela Associa\u00e7\u00e3o Nacional de Educa\u00e7\u00e3o Cat\u00f3lica do Brasil (ANEC). O evento ter\u00e1 o apoio do Grupo Marista, Pastoral da PUCPR, aquidiocese de Curitiba, Pastoral Juvenil Marista e patrocinadores.<\/p>\n<p style=\"text-align: justify\">\u201cEssa reuni\u00e3o \u00e9 importante para escutar a opini\u00e3o dos jovens que contribuem com o Setor Universidades a fim de abrir espa\u00e7o cada vez maior \u00e0 juventude. Os jovens, aqui reunidos, tem a oportunidade de opinar e fazer sugest\u00f5es para o 2\u00ba EBRUC e, em breve, utilizaremos os meios de comunica\u00e7\u00e3o, como site e redes sociais, para que jovens de todo o pa\u00eds participem da constru\u00e7\u00e3o\u00a0 desse evento\u201d, destacou a assessora do Setor, irm\u00e3 Eugenia.<\/p>\n<p style=\"text-align: justify\">Ap\u00f3s a missa, presidida por dom Tarc\u00edsio, na finaliza\u00e7\u00e3o do encontro, os colaboradores do Setor Universidades foram convidados pelo bispo a agirem como profetas de Cristo, comunicando o Evangelho em todos os lugares por onde forem. Como sinal de envio, cada participante recebeu um boton da Pastoral Universit\u00e1ria e a ben\u00e7\u00e3o de do bispo referencial.<\/p>\n","protected":false},"excerpt":{"rendered":"<p>O \u00faltimo dia de encontro de colaboradores do Setor Universidades da Confer\u00eancia Nacional dos Bispos do Brasil (CNBB) foi marcado pela participa\u00e7\u00e3o do bispo referencial do Setor Universidades, dom Tarc\u00edsio Scaramussa, que \u00e9 bispo auxiliar de S\u00e3o Paulo (SP). O bispo foi ao encontro do grupo na manh\u00e3 do domingo, 29, e destacou a import\u00e2ncia &hellip;<\/p>\n<p class=\"read-more\"> <a class=\"\" href=\"https:\/\/www.cnbb.org.br\/dom-tarcisio-scaramussa-se-encontra-com-colaboradores-do-setor-universidades\/\"> <span class=\"screen-reader-text\">Dom Tarc\u00edsio Scaramussa se encontra com colaboradores do Setor Universidades<\/span> Leia mais &raquo;<\/a><\/p>\n","protected":false},"author":83,"featured_media":20881,"comment_status":"open","ping_status":"open","sticky":false,"template":"","format":"standard","meta":{"site-sidebar-layout":"default","site-content-layout":"default","ast-global-header-display":"","ast-banner-title-visibility":"","ast-main-header-display":"","ast-hfb-above-header-display":"","ast-hfb-below-header-display":"","ast-hfb-mobile-header-display":"","site-post-title":"","ast-breadcrumbs-content":"","ast-featured-img":"","footer-sml-layout":"","theme-transparent-header-meta":"","adv-header-id-meta":"","stick-header-meta":"","header-above-stick-meta":"","header-main-stick-meta":"","header-below-stick-meta":""},"categories":[766,849],"tags":[],"acf":[],"_links":{"self":[{"href":"https:\/\/www.cnbb.org.br\/cnbb-app\/wp\/v2\/posts\/20880"}],"collection":[{"href":"https:\/\/www.cnbb.org.br\/cnbb-app\/wp\/v2\/posts"}],"about":[{"href":"https:\/\/www.cnbb.org.br\/cnbb-app\/wp\/v2\/types\/post"}],"author":[{"embeddable":true,"href":"https:\/\/www.cnbb.org.br\/cnbb-app\/wp\/v2\/users\/83"}],"replies":[{"embeddable":true,"href":"https:\/\/www.cnbb.org.br\/cnbb-app\/wp\/v2\/comments?post=20880"}],"version-history":[{"count":0,"href":"https:\/\/www.cnbb.org.br\/cnbb-app\/wp\/v2\/posts\/20880\/revisions"}],"wp:featuredmedia":[{"embeddable":true,"href":"https:\/\/www.cnbb.org.br\/cnbb-app\/wp\/v2\/media\/20881"}],"wp:attachment":[{"href":"https:\/\/www.cnbb.org.br\/cnbb-app\/wp\/v2\/media?parent=20880"}],"wp:term":[{"taxonomy":"category","embeddable":true,"href":"https:\/\/www.cnbb.org.br\/cnbb-app\/wp\/v2\/categories?post=20880"},{"taxonomy":"post_tag","embeddable":true,"href":"https:\/\/www.cnbb.org.br\/cnbb-app\/wp\/v2\/tags?post=20880"}],"curies":[{"name":"wp","href":"https:\/\/api.w.org\/{rel}","templated":true}]}}