{"id":20891,"date":"2012-04-11T00:00:00","date_gmt":"2012-04-11T03:00:00","guid":{"rendered":"https:\/\/www.cnbb.org.br\/pontificia-universidade-catolica-de-sao-paulo-faz-parceria-para-implantar-curso-em-portugal\/"},"modified":"2012-04-11T00:00:00","modified_gmt":"2012-04-11T03:00:00","slug":"pontificia-universidade-catolica-de-sao-paulo-faz-parceria-para-implantar-curso-em-portugal","status":"publish","type":"post","link":"https:\/\/www.cnbb.org.br\/pontificia-universidade-catolica-de-sao-paulo-faz-parceria-para-implantar-curso-em-portugal\/","title":{"rendered":"Pontif\u00edcia Universidade Cat\u00f3lica de S\u00e3o Paulo faz parceria para implantar curso em Portugal"},"content":{"rendered":"<p style=\"text-align: justify\">Um curso voltado \u00e0 fam\u00edlia, ao Direito e \u00e0 Igreja ser\u00e1 lan\u00e7ado em Lisboa, Portugal, no dia 17 deste m\u00eas, resultado da parceria entre a Pontif\u00edcia Universidade Cat\u00f3lica de S\u00e3o Paulo (PUC-SP), a Universidade de Lisboa, a Pontif\u00edcia Universidade Gregoriana e a Universidade Maria Sant\u00edssima Assunta (as duas \u00faltimas de Roma). O curso ser\u00e1 ministrado em Lisboa e transmitido para Brasil e Roma por videoconfer\u00eancia, tendo a participa\u00e7\u00e3o de quatro professores de cada uma das universidades, que falar\u00e3o sobre \u201cDignidade do ser humano\u201d, \u201cDireito e fam\u00edlia\u201d, \u201cDireito e Igreja\u201d e \u201cSociedade e fam\u00edlia\u201d, tendo como princ\u00edpio o Magist\u00e9rio da Igreja. O curso \u00e9 resultado, sobretudo, do esfor\u00e7o dos diretores das faculdades de Direito da PUC-SP, e de Lisboa, professores Marco Ant\u00f4nio Marques da Silva e Eduardo Vera-Cruz Pinto, respectivamente.<\/p>\n<p><!--more--><\/p>\n<p style=\"text-align: justify\">De acordo com o , chefe de gabinete da Reitoria da PUC-SP, o curso disponibilizar\u00e1 15 vagas para cada uma das quatro universidades, totalizando 60 vagas. Ele adiantou tamb\u00e9m que as aulas dever\u00e3o come\u00e7ar ainda este ano, possivelmente no segundo semestre. \u201cDestacamos a import\u00e2ncia do curso, porque a PUC-SP participar\u00e1 de igual para igual com as demais universidades, o que nos d\u00e1 um salto de reconhecimento no cen\u00e1rio mundial entre as pontif\u00edcias universidades; vamos fazer o resgate de nossa pr\u00f3pria imagem junto ao Vaticano, confirmando que temos raz\u00e3o de ser e estamos justificando nosso t\u00edtulo e nossa b\u00ean\u00e7\u00e3o papal\u201d, completou.<\/p>\n<p style=\"text-align: justify\">O lan\u00e7amento do curso acontece num momento especial em que a Exorta\u00e7\u00e3o Apost\u00f3lica Familiaris Consortio completa 30 anos. Pensando nisso e para aproveitar a ocasi\u00e3o, a Universidade de Lisboa e a PUC-SP \u2013 por meio de seu N\u00facleo de F\u00e9 e Cultura \u2013 se juntaram \u00e0 Confedera\u00e7\u00e3o Nacional das Associa\u00e7\u00f5es de Fam\u00edlia de Portugal (CNAF) e \u00e0 Comunidade de Juristas de L\u00edngua Portuguesa para prover uma s\u00e9rie de palestras sobre a Familiaris Consortio.<\/p>\n<p style=\"text-align: justify\">A abertura do encontro ser\u00e1 feita pelos cardeais dom Ennio Antonelli, presidente do Pontif\u00edcio Conselho para a Fam\u00edlia; dom Odilo Pedro Scherer, arcebispo metropolitano de S\u00e3o Paulo e gr\u00e3o-chanceler da PUC-SP; por dom Jos\u00e9 da Cruz Policarpo, arcebispo de Lisboa; e pelo n\u00fancio apost\u00f3lico de Lisboa, dom Rino Passigato.<\/p>\n<p style=\"text-align: justify\">A mesa ser\u00e1 composta tamb\u00e9m pelos reitores da Universidade de Lisboa, professor Sampaio da N\u00f3voa; da PUC-SP, professor Dirceu de Mello; pela consultora do Pontif\u00edcio Conselho para a Fam\u00edlia e presidente do CNAF, Maria Teresa Costa Macedo; pelo representante do Minist\u00e9rio da Justi\u00e7a, Fernando Santo; e pelo diretor da Faculdade de Direito da Universidade de Lisboa, professor Eduardo Vera-Cruz Pinto. Entre as palestras, destaque para \u201cA fam\u00edlia no s\u00e9culo 21\u201d, que ter\u00e1 fala do cardeal Scherer, e \u201cA fam\u00edlia portuguesa e o seu Direito\u201d, proferida pelo professor Langr\u00f3iva. O professor Marco Antonio Marques da Silva ser\u00e1 o moderador do debate sobre \u201cA fam\u00edlia e a Lei\u201d.<\/p>\n","protected":false},"excerpt":{"rendered":"<p>Um curso voltado \u00e0 fam\u00edlia, ao Direito e \u00e0 Igreja ser\u00e1 lan\u00e7ado em Lisboa, Portugal, no dia 17 deste m\u00eas, resultado da parceria entre a Pontif\u00edcia Universidade Cat\u00f3lica de S\u00e3o Paulo (PUC-SP), a Universidade de Lisboa, a Pontif\u00edcia Universidade Gregoriana e a Universidade Maria Sant\u00edssima Assunta (as duas \u00faltimas de Roma). O curso ser\u00e1 ministrado &hellip;<\/p>\n<p class=\"read-more\"> <a class=\"\" href=\"https:\/\/www.cnbb.org.br\/pontificia-universidade-catolica-de-sao-paulo-faz-parceria-para-implantar-curso-em-portugal\/\"> <span class=\"screen-reader-text\">Pontif\u00edcia Universidade Cat\u00f3lica de S\u00e3o Paulo faz parceria para implantar curso em Portugal<\/span> Leia mais &raquo;<\/a><\/p>\n","protected":false},"author":83,"featured_media":20892,"comment_status":"open","ping_status":"open","sticky":false,"template":"","format":"standard","meta":{"site-sidebar-layout":"default","site-content-layout":"default","ast-global-header-display":"","ast-banner-title-visibility":"","ast-main-header-display":"","ast-hfb-above-header-display":"","ast-hfb-below-header-display":"","ast-hfb-mobile-header-display":"","site-post-title":"","ast-breadcrumbs-content":"","ast-featured-img":"","footer-sml-layout":"","theme-transparent-header-meta":"","adv-header-id-meta":"","stick-header-meta":"","header-above-stick-meta":"","header-main-stick-meta":"","header-below-stick-meta":""},"categories":[766,849],"tags":[],"acf":[],"_links":{"self":[{"href":"https:\/\/www.cnbb.org.br\/cnbb-app\/wp\/v2\/posts\/20891"}],"collection":[{"href":"https:\/\/www.cnbb.org.br\/cnbb-app\/wp\/v2\/posts"}],"about":[{"href":"https:\/\/www.cnbb.org.br\/cnbb-app\/wp\/v2\/types\/post"}],"author":[{"embeddable":true,"href":"https:\/\/www.cnbb.org.br\/cnbb-app\/wp\/v2\/users\/83"}],"replies":[{"embeddable":true,"href":"https:\/\/www.cnbb.org.br\/cnbb-app\/wp\/v2\/comments?post=20891"}],"version-history":[{"count":0,"href":"https:\/\/www.cnbb.org.br\/cnbb-app\/wp\/v2\/posts\/20891\/revisions"}],"wp:featuredmedia":[{"embeddable":true,"href":"https:\/\/www.cnbb.org.br\/cnbb-app\/wp\/v2\/media\/20892"}],"wp:attachment":[{"href":"https:\/\/www.cnbb.org.br\/cnbb-app\/wp\/v2\/media?parent=20891"}],"wp:term":[{"taxonomy":"category","embeddable":true,"href":"https:\/\/www.cnbb.org.br\/cnbb-app\/wp\/v2\/categories?post=20891"},{"taxonomy":"post_tag","embeddable":true,"href":"https:\/\/www.cnbb.org.br\/cnbb-app\/wp\/v2\/tags?post=20891"}],"curies":[{"name":"wp","href":"https:\/\/api.w.org\/{rel}","templated":true}]}}