{"id":20895,"date":"2012-04-24T00:00:00","date_gmt":"2012-04-24T03:00:00","guid":{"rendered":"https:\/\/www.cnbb.org.br\/caminhos-de-articulacao-da-pastoral-universitaria-nas-dioceses-e-regionais\/"},"modified":"2012-04-24T00:00:00","modified_gmt":"2012-04-24T03:00:00","slug":"caminhos-de-articulacao-da-pastoral-universitaria-nas-dioceses-e-regionais","status":"publish","type":"post","link":"https:\/\/www.cnbb.org.br\/caminhos-de-articulacao-da-pastoral-universitaria-nas-dioceses-e-regionais\/","title":{"rendered":"Caminhos de articula\u00e7\u00e3o da Pastoral Universit\u00e1ria nas dioceses e Regionais"},"content":{"rendered":"<p style=\"text-align: justify\">No domingo dia 15 de abril, a mission\u00e1ria Alba Galvez \u2013 Fraternidade Mission\u00e1ria Cat\u00f3lica Verbum Dei \u2013, juntamente com os jovens universit\u00e1rios da Universidade Federal de Minas Gerias \u2013 UFMG \u2013, Raquel Cristina (Terapia Ocupacional) e Jo\u00e3o Gustavo (Direito), esteve em Ouro Preto para um encontro com os jovens estudantes da Universidade Federal de Ouro Preto \u2013 UFOP.<\/p>\n<p><!--more--><\/p>\n<p style=\"text-align: justify\">O encontro aconteceu no sal\u00e3o da Par\u00f3quia do Pilar, \u00e0s 18 horas, contando com a presen\u00e7a de aproximadamente 15 jovens de diversos cursos, apoiados por Pe. Danival, que \u00e9 sacerdote diocesano e professor de teologia do semin\u00e1rio de Mariana. A visita, que faz parte de um projeto mais amplo do Setor Universidades da CNBB, teve como objetivo estreitar os la\u00e7os entre os jovens das duas universidades e apresentar uma no\u00e7\u00e3o ampla de como o setor universit\u00e1rio da Igreja Cat\u00f3lica tem se articulado nos \u00faltimos anos. A irm\u00e3 Alba exp\u00f4s brevemente os recentes eventos realizados pela juventude universit\u00e1ria brasileira (congresso universit\u00e1rio latino-americano em Granada, por ocasi\u00e3o da Pr\u00e9-Jornada da JMJ 2011; congresso universit\u00e1rio nacional \u2013 EBRUC I\/2010; congressos universit\u00e1rios regionais \u2013 Bahia, Minas Gerais, entre outros) e explicou sobre quais tem sido as diretrizes dos trabalhos pastorais na universidade.<\/p>\n<p style=\"text-align: justify\">Ao final, houve uma partilha para discutir as demandas de Ouro Preto e o tipo de pastoral universit\u00e1ria que poderia ser desenvolvida na UFOP. A ideia \u00e9 que os jovens universit\u00e1rios tenham, na Pastoral Universit\u00e1ria, um lugar de acolhida e de partilha, de receber e dar: pensar formas de usar o crescimento acad\u00eamico em favor de um mundo onde prevale\u00e7am os valores crist\u00e3os.<\/p>\n<p style=\"text-align: justify\">Ficou o convite para que os jovens da UFOP se organizem para terem grande representa\u00e7\u00e3o no pr\u00f3ximo Encontro Brasileiro de Universit\u00e1rios Crist\u00e3os \u2013 II EBRUC, que ser\u00e1 sediado em Curitiba, Paran\u00e1, nos dias 12, 13 e 14 de outubro deste ano. Al\u00e9m disso, ficou o desejo de continuar essa caminhada mais silenciosa do dia a dia, cujos passos s\u00e3o lentos, mas os efeitos, duradouros.<\/p>\n","protected":false},"excerpt":{"rendered":"<p>No domingo dia 15 de abril, a mission\u00e1ria Alba Galvez \u2013 Fraternidade Mission\u00e1ria Cat\u00f3lica Verbum Dei \u2013, juntamente com os jovens universit\u00e1rios da Universidade Federal de Minas Gerias \u2013 UFMG \u2013, Raquel Cristina (Terapia Ocupacional) e Jo\u00e3o Gustavo (Direito), esteve em Ouro Preto para um encontro com os jovens estudantes da Universidade Federal de Ouro &hellip;<\/p>\n<p class=\"read-more\"> <a class=\"\" href=\"https:\/\/www.cnbb.org.br\/caminhos-de-articulacao-da-pastoral-universitaria-nas-dioceses-e-regionais\/\"> <span class=\"screen-reader-text\">Caminhos de articula\u00e7\u00e3o da Pastoral Universit\u00e1ria nas dioceses e Regionais<\/span> Leia mais &raquo;<\/a><\/p>\n","protected":false},"author":83,"featured_media":0,"comment_status":"open","ping_status":"open","sticky":false,"template":"","format":"standard","meta":{"site-sidebar-layout":"default","site-content-layout":"default","ast-global-header-display":"","ast-banner-title-visibility":"","ast-main-header-display":"","ast-hfb-above-header-display":"","ast-hfb-below-header-display":"","ast-hfb-mobile-header-display":"","site-post-title":"","ast-breadcrumbs-content":"","ast-featured-img":"","footer-sml-layout":"","theme-transparent-header-meta":"","adv-header-id-meta":"","stick-header-meta":"","header-above-stick-meta":"","header-main-stick-meta":"","header-below-stick-meta":""},"categories":[766,849],"tags":[],"acf":[],"_links":{"self":[{"href":"https:\/\/www.cnbb.org.br\/cnbb-app\/wp\/v2\/posts\/20895"}],"collection":[{"href":"https:\/\/www.cnbb.org.br\/cnbb-app\/wp\/v2\/posts"}],"about":[{"href":"https:\/\/www.cnbb.org.br\/cnbb-app\/wp\/v2\/types\/post"}],"author":[{"embeddable":true,"href":"https:\/\/www.cnbb.org.br\/cnbb-app\/wp\/v2\/users\/83"}],"replies":[{"embeddable":true,"href":"https:\/\/www.cnbb.org.br\/cnbb-app\/wp\/v2\/comments?post=20895"}],"version-history":[{"count":0,"href":"https:\/\/www.cnbb.org.br\/cnbb-app\/wp\/v2\/posts\/20895\/revisions"}],"wp:attachment":[{"href":"https:\/\/www.cnbb.org.br\/cnbb-app\/wp\/v2\/media?parent=20895"}],"wp:term":[{"taxonomy":"category","embeddable":true,"href":"https:\/\/www.cnbb.org.br\/cnbb-app\/wp\/v2\/categories?post=20895"},{"taxonomy":"post_tag","embeddable":true,"href":"https:\/\/www.cnbb.org.br\/cnbb-app\/wp\/v2\/tags?post=20895"}],"curies":[{"name":"wp","href":"https:\/\/api.w.org\/{rel}","templated":true}]}}