{"id":20896,"date":"2012-04-30T00:00:00","date_gmt":"2012-04-30T03:00:00","guid":{"rendered":"https:\/\/www.cnbb.org.br\/jovens-se-preparam-para-o-2o-encontro-brasileiro-de-universitarios-cristaos\/"},"modified":"2012-04-30T00:00:00","modified_gmt":"2012-04-30T03:00:00","slug":"jovens-se-preparam-para-o-2o-encontro-brasileiro-de-universitarios-cristaos","status":"publish","type":"post","link":"https:\/\/www.cnbb.org.br\/jovens-se-preparam-para-o-2o-encontro-brasileiro-de-universitarios-cristaos\/","title":{"rendered":"Jovens se preparam para o 2\u00ba Encontro Brasileiro de Universit\u00e1rios Crist\u00e3os"},"content":{"rendered":"<p style=\"text-align: justify\">Universit\u00e1rios da Pastoral Universit\u00e1ria de Salvador (BA) j\u00e1 est\u00e3o se preparando para o Encontro Brasileiro de Universit\u00e1rios Crist\u00e3os (EBRUC) que ter\u00e1 sua segunda edi\u00e7\u00e3o realizada em Curitiba (PR), de 12 a 14 de outubro deste ano.<\/p>\n<p><!--more--><\/p>\n<p style=\"text-align: justify\">O 2\u00ba EBRUC tem o objetivo de conectar as juventudes e express\u00f5es crist\u00e3s presentes no meio universit\u00e1rio para refletir sobre a miss\u00e3o evangelizadora nos espa\u00e7os de educa\u00e7\u00e3o e cultura. Apesar da dist\u00e2ncia da capital paranaense, os jovens soteropolitanos fazem quest\u00e3o de participar do evento que estima reunir mais de 500 participantes, vindos de todas as regi\u00f5es do pa\u00eds.<\/p>\n<p style=\"text-align: justify\">&#8220;Queremos caminhar em unidade com a igreja, n\u00e3o fazer um trabalho paralelo, mas sim um trabalho conjunto. Queremos trocar experi\u00eancias com outros jovens que tem a evangeliza\u00e7\u00e3o no ambiente universit\u00e1rio como objetivo&#8221;, afirma uma das coordenadoras da pastoral universit\u00e1ria da Bahia, Joyce Konig.<\/p>\n<p style=\"text-align: justify\">Para subsidiar a viagem, o grupo n\u00e3o mede esfor\u00e7os na organiza\u00e7\u00e3o de eventos que n\u00e3o s\u00f3 garantem recursos financeiros, como tamb\u00e9m divulgam o trabalho da pastoral e o pr\u00f3prio EBRUC, al\u00e9m de promoverem momentos de intera\u00e7\u00e3o com a comunidade local.<\/p>\n<p style=\"text-align: justify\">&#8220;O envolvimento de todos \u00e9 o mais significativo nesses eventos. Quem protagoniza isso tudo \u00e9 a pr\u00f3pria juventude. No jantar italiano, que j\u00e1 est\u00e1 marcado para o dia 05 de maio, por exemplo, at\u00e9 os pratos ser\u00e3o preparados pelos jovens da Pastoral Universit\u00e1ria, sob a orienta\u00e7\u00e3o de uma gastronomista que tamb\u00e9m faz parte do grupo&#8221;, afirma Joyce.<\/p>\n<p style=\"text-align: justify\">A jovem destaca ainda que todos est\u00e3o muito motivados a participar tamb\u00e9m da Jornada Mundial da Juventude (JMJ), que ser\u00e1 realizada no Rio de Janeiro. &#8220;Em conversas, percebemos que os dois eventos eram muito pr\u00f3ximos um do outro e que n\u00e3o ter\u00edamos recursos suficientes para duas viagens t\u00e3o longas. Ent\u00e3o veio a ideia de fazer eventos para arrecadar dinheiro. Estamos todos muito animados e esperamos que outros jovens tamb\u00e9m estejam&#8221;, declara.<\/p>\n","protected":false},"excerpt":{"rendered":"<p>Universit\u00e1rios da Pastoral Universit\u00e1ria de Salvador (BA) j\u00e1 est\u00e3o se preparando para o Encontro Brasileiro de Universit\u00e1rios Crist\u00e3os (EBRUC) que ter\u00e1 sua segunda edi\u00e7\u00e3o realizada em Curitiba (PR), de 12 a 14 de outubro deste ano.<\/p>\n","protected":false},"author":83,"featured_media":20897,"comment_status":"open","ping_status":"open","sticky":false,"template":"","format":"standard","meta":{"site-sidebar-layout":"default","site-content-layout":"default","ast-global-header-display":"","ast-banner-title-visibility":"","ast-main-header-display":"","ast-hfb-above-header-display":"","ast-hfb-below-header-display":"","ast-hfb-mobile-header-display":"","site-post-title":"","ast-breadcrumbs-content":"","ast-featured-img":"","footer-sml-layout":"","theme-transparent-header-meta":"","adv-header-id-meta":"","stick-header-meta":"","header-above-stick-meta":"","header-main-stick-meta":"","header-below-stick-meta":""},"categories":[766,849],"tags":[],"acf":[],"_links":{"self":[{"href":"https:\/\/www.cnbb.org.br\/cnbb-app\/wp\/v2\/posts\/20896"}],"collection":[{"href":"https:\/\/www.cnbb.org.br\/cnbb-app\/wp\/v2\/posts"}],"about":[{"href":"https:\/\/www.cnbb.org.br\/cnbb-app\/wp\/v2\/types\/post"}],"author":[{"embeddable":true,"href":"https:\/\/www.cnbb.org.br\/cnbb-app\/wp\/v2\/users\/83"}],"replies":[{"embeddable":true,"href":"https:\/\/www.cnbb.org.br\/cnbb-app\/wp\/v2\/comments?post=20896"}],"version-history":[{"count":0,"href":"https:\/\/www.cnbb.org.br\/cnbb-app\/wp\/v2\/posts\/20896\/revisions"}],"wp:featuredmedia":[{"embeddable":true,"href":"https:\/\/www.cnbb.org.br\/cnbb-app\/wp\/v2\/media\/20897"}],"wp:attachment":[{"href":"https:\/\/www.cnbb.org.br\/cnbb-app\/wp\/v2\/media?parent=20896"}],"wp:term":[{"taxonomy":"category","embeddable":true,"href":"https:\/\/www.cnbb.org.br\/cnbb-app\/wp\/v2\/categories?post=20896"},{"taxonomy":"post_tag","embeddable":true,"href":"https:\/\/www.cnbb.org.br\/cnbb-app\/wp\/v2\/tags?post=20896"}],"curies":[{"name":"wp","href":"https:\/\/api.w.org\/{rel}","templated":true}]}}