{"id":20910,"date":"2012-06-25T00:00:00","date_gmt":"2012-06-25T03:00:00","guid":{"rendered":"https:\/\/www.cnbb.org.br\/reuniao-em-belo-horizonte-traca-novos-capitulos-para-o-subsidio-do-setor-universidades\/"},"modified":"2012-06-25T00:00:00","modified_gmt":"2012-06-25T03:00:00","slug":"reuniao-em-belo-horizonte-traca-novos-capitulos-para-o-subsidio-do-setor-universidades","status":"publish","type":"post","link":"https:\/\/www.cnbb.org.br\/reuniao-em-belo-horizonte-traca-novos-capitulos-para-o-subsidio-do-setor-universidades\/","title":{"rendered":"Reuni\u00e3o em Belo Horizonte tra\u00e7a novos cap\u00edtulos para o subs\u00eddio do Setor Universidades"},"content":{"rendered":"<p style=\"text-align: justify\">\n<p style=\"text-align: justify\">Os integrantes do Setor Universidades da Confer\u00eancia Nacional dos Bispos do Brasil (CNBB) se reuniram em Belo Horizonte (MG), de 20 a 22 de junho, na casa das Irm\u00e3s Sacramentinas de Nossa Senhora, para dar continuidade \u00e0 elabora\u00e7\u00e3o do subsidio das Linhas Gerais da A\u00e7\u00e3o Evangelizadora nas Institui\u00e7\u00f5es de Ensino Superior.<\/p>\n<p><!--more--><\/p>\n<p style=\"text-align: justify\">O encontro contou com a presen\u00e7a do presidente da Comiss\u00e3o Episcopal Pastoral para a Cultura e Educa\u00e7\u00e3o, dom Joaquim Giovani Mol Guimar\u00e3es; do bispo referencial do Setor Universidades, dom Tarc\u00edsio Scaramussa; do bispo referencial para a Educa\u00e7\u00e3o no Regional Centro-Oeste da CNBB, dom Waldemar Passini; e da assessora do Setor Universidades, Irm\u00e3 Maria Eug\u00eania Lloris Aguado, al\u00e9m dos colaborados do Setor e da Comiss\u00e3o.<\/p>\n<p style=\"text-align: justify\">Dom Tarc\u00edsio Scaramussa abriu o debate apresentando o plano para o Setor para os anos de 2011 a 2015. J\u00e1 dom Joaquim Giovanni Mol participou na tarde do s\u00e1bado, 23, nos debates, com contribui\u00e7\u00e3o de aproxima\u00e7\u00e3o das urg\u00eancias das diretrizes \u00e0s Institui\u00e7\u00f5es de Ensino Superior, propondo a viv\u00eancia de comunidades de f\u00e9 em pequenos grupos de interesse.<\/p>\n<p style=\"text-align: justify\">Em 2006, sendo bispo referencial do Setor, dom Eduardo Benes de Sales, arcebispo de Sorocaba (SP), preparou um pequeno texto intitulado: \u201cA\u00e7\u00e3o Evangelizadora no meio Universit\u00e1rio\u201d, na qual se recolhiam as experi\u00eancias existentes no meio universit\u00e1rio e se apontavam, como eixos desta a\u00e7\u00e3o, o servi\u00e7o, o di\u00e1logo, o an\u00fancio e testemunho de comunh\u00e3o eclesial. O texto foi publicado pelas Edi\u00e7\u00f5es CNBB, no subs\u00eddio \u201cPastoral Universit\u00e1ria\u201d, por motivo do 1\u00ba Encontro Brasileiro de Universit\u00e1rios Crist\u00e3os (EBRUC), que aconteceu em Belo Horizonte, de 10 a 12 de outubro de 2010.<\/p>\n<p style=\"text-align: justify\">\u201cNa caminhada de aproxima\u00e7\u00e3o e di\u00e1logo com as diferentes express\u00f5es da a\u00e7\u00e3o evangelizadora no meio universit\u00e1rio, surgiu a necessidade de construir juntos umas linhas gerais, umas pistas de atua\u00e7\u00e3o que ajudassem a todos a identificar e fosse um subs\u00eddio para\u00a0 aqueles que iniciam uma a\u00e7\u00e3o evangelizadora na Universidade\u201d, explicou a assessora da Comiss\u00e3o Episcopal Pastoral para a Cultura e Educa\u00e7\u00e3o, da CNBB, irm\u00e3 Maria Eug\u00eania Lloris Aguado.<\/p>\n<p style=\"text-align: justify\">Na reuni\u00e3o desta Comiss\u00e3o, em 2009, um pequeno grupo tra\u00e7ou os elementos fundamentais, esquema pr\u00e9vio com os elementos fundamentais que deveriam ser tratados e que eram consenso de todos. Com um primeiro texto, publicado em fevereiro de 2011, na cidade de Curitiba (PR), 40 representantes das Pastorais Universit\u00e1rias debateram e foi tra\u00e7ado um programa de trabalho chegando \u00e0 segunda vers\u00e3o do texto: \u201cLinhas Gerais da A\u00e7\u00e3o Evangelizadora nas Institui\u00e7\u00f5es de Ensino Superior\u201d.<\/p>\n<p style=\"text-align: justify\">Neste final de semana, 23 e 24 de junho, dando continuidade ao processo de constru\u00e7\u00e3o a Comiss\u00e3o decidiu que os dois primeiros cap\u00edtulos ser\u00e3o disponibilizados on-line.<\/p>\n<p style=\"text-align: justify\">\u201cO mais importante neste processo \u00e9 a comunh\u00e3o que nasce a cada dia mais forte, o Esp\u00edrito que anima os esfor\u00e7os de afinar a linguagem, e chegando a conceitos que s\u00e3o consenso e que permite a comunh\u00e3o nas nossas diferen\u00e7as. O Setor nasceu como espa\u00e7o de comunh\u00e3o e de dialogo confirmando a sua miss\u00e3o em experi\u00eancias como estas, em espa\u00e7os de reflex\u00e3o e dialogo que contribuem para uma pastoral de conjunto. O Setor e as Pastorais tecem a sua hist\u00f3ria, entrela\u00e7ando as linhas da sua a\u00e7\u00e3o evangelizadora\u201d, expressa a assessora do Setor, irm\u00e3 Maria Eugenia.<\/p>\n","protected":false},"excerpt":{"rendered":"<p>Os integrantes do Setor Universidades da Confer\u00eancia Nacional dos Bispos do Brasil (CNBB) se reuniram em Belo Horizonte (MG), de 20 a 22 de junho, na casa das Irm\u00e3s Sacramentinas de Nossa Senhora, para dar continuidade \u00e0 elabora\u00e7\u00e3o do subsidio das Linhas Gerais da A\u00e7\u00e3o Evangelizadora nas Institui\u00e7\u00f5es de Ensino Superior.<\/p>\n","protected":false},"author":83,"featured_media":20911,"comment_status":"open","ping_status":"open","sticky":false,"template":"","format":"standard","meta":{"site-sidebar-layout":"default","site-content-layout":"default","ast-global-header-display":"","ast-banner-title-visibility":"","ast-main-header-display":"","ast-hfb-above-header-display":"","ast-hfb-below-header-display":"","ast-hfb-mobile-header-display":"","site-post-title":"","ast-breadcrumbs-content":"","ast-featured-img":"","footer-sml-layout":"","theme-transparent-header-meta":"","adv-header-id-meta":"","stick-header-meta":"","header-above-stick-meta":"","header-main-stick-meta":"","header-below-stick-meta":""},"categories":[766,849],"tags":[],"acf":[],"_links":{"self":[{"href":"https:\/\/www.cnbb.org.br\/cnbb-app\/wp\/v2\/posts\/20910"}],"collection":[{"href":"https:\/\/www.cnbb.org.br\/cnbb-app\/wp\/v2\/posts"}],"about":[{"href":"https:\/\/www.cnbb.org.br\/cnbb-app\/wp\/v2\/types\/post"}],"author":[{"embeddable":true,"href":"https:\/\/www.cnbb.org.br\/cnbb-app\/wp\/v2\/users\/83"}],"replies":[{"embeddable":true,"href":"https:\/\/www.cnbb.org.br\/cnbb-app\/wp\/v2\/comments?post=20910"}],"version-history":[{"count":0,"href":"https:\/\/www.cnbb.org.br\/cnbb-app\/wp\/v2\/posts\/20910\/revisions"}],"wp:featuredmedia":[{"embeddable":true,"href":"https:\/\/www.cnbb.org.br\/cnbb-app\/wp\/v2\/media\/20911"}],"wp:attachment":[{"href":"https:\/\/www.cnbb.org.br\/cnbb-app\/wp\/v2\/media?parent=20910"}],"wp:term":[{"taxonomy":"category","embeddable":true,"href":"https:\/\/www.cnbb.org.br\/cnbb-app\/wp\/v2\/categories?post=20910"},{"taxonomy":"post_tag","embeddable":true,"href":"https:\/\/www.cnbb.org.br\/cnbb-app\/wp\/v2\/tags?post=20910"}],"curies":[{"name":"wp","href":"https:\/\/api.w.org\/{rel}","templated":true}]}}