{"id":20916,"date":"2012-08-15T00:00:00","date_gmt":"2012-08-15T03:00:00","guid":{"rendered":"https:\/\/www.cnbb.org.br\/dom-joao-braz-visita-pontificia-universidade-catolica-e-seminario-na-arquidiocese-de-londrina\/"},"modified":"2012-08-15T00:00:00","modified_gmt":"2012-08-15T03:00:00","slug":"dom-joao-braz-visita-pontificia-universidade-catolica-e-seminario-na-arquidiocese-de-londrina","status":"publish","type":"post","link":"https:\/\/www.cnbb.org.br\/dom-joao-braz-visita-pontificia-universidade-catolica-e-seminario-na-arquidiocese-de-londrina\/","title":{"rendered":"Dom Jo\u00e3o Braz visita Pontif\u00edcia Universidade Cat\u00f3lica e Semin\u00e1rio na arquidiocese de Londrina"},"content":{"rendered":"<p style=\"text-align: justify\">Na manh\u00e3 de ter\u00e7a-feira, 14 de agosto, esteve presente na Pontif\u00edcia Universidade Cat\u00f3lica do Paran\u00e1 (PUCPR), de Londrina, o cardeal Jo\u00e3o Braz de Aviz, que veio para dar uma palestra especial, na data de comemora\u00e7\u00e3o de 10 anos da Universidade.<\/p>\n<p><!--more--><\/p>\n<p style=\"text-align: justify\">Dom Jo\u00e3o Braz de Aviz \u00e9 o atual prefeito da Congrega\u00e7\u00e3o para os Institutos de Vida Consagrada e as Sociedades de Vida Apost\u00f3lica no Vaticano e arcebispo em\u00e9rito de Bras\u00edlia (DF). O cardeal falou na palestra sobre o momento em que vivemos hoje, segundo ele, estamos em meio ao fen\u00f4meno da globaliza\u00e7\u00e3o, onde existe o individualismo muito grande, e as pessoas n\u00e3o pensam em valores universais, ele especifica que isso \u00e9 muito diferente de individualidade, que \u00e9 necess\u00e1ria para todos.<\/p>\n<p style=\"text-align: justify\">O cardeal tamb\u00e9m comentou sobre uma experi\u00eancia que viveu recentemente em Maring\u00e1 (PR), de reunir diferentes religi\u00f5es e seguimentos religiosos num mesmo ambiente de di\u00e1logo. Dom Jo\u00e3o afirma que hoje em dia n\u00e3o existe mais espa\u00e7o para preconceitos, segundo ele \u00e9 o momento de dividir experi\u00eancias, e aprender uns com os outros.<\/p>\n<p style=\"text-align: justify\">Este \u00e9 o Ano da F\u00e9, e dom Jo\u00e3o Braz comentou que \u00e9 o momento de uma retomada para os cat\u00f3licos, e de renovar os valores crist\u00e3os, com aprofundamento nas experi\u00eancias com Deus.<\/p>\n<p style=\"text-align: justify\">Logo ap\u00f3s a palestra, o cardeal foi a Universidade para receber a placa preparada em homenagem aos 10 anos da PUC-PR.<\/p>\n<p style=\"text-align: justify\"><strong>Coletiva<\/strong><\/p>\n<p style=\"text-align: justify\">O cardeal participou ainda de coletiva com a imprensa, onde disse que \u00e9 preciso mais di\u00e1logo com a humanidade, para que haja crescimento interior.<\/p>\n<p style=\"text-align: justify\">Perguntado sobre a juventude na Igreja, o cardeal ressaltou que a Igreja sem jovens vai se tornando velha. \u201cOs jovens n\u00e3o tem meio termo, e isso ajuda para a nossa purifica\u00e7\u00e3o. Acredito que n\u00f3s temos que ter coragem de escutar mais os jovens\u201d.<\/p>\n<p style=\"text-align: justify\"><strong>Semin\u00e1rio Paulo VI<\/strong><\/p>\n<p style=\"text-align: justify\">Dom Jo\u00e3o foi por algum tempo reitor e professor do Semin\u00e1rio Paulo VI e aproveitou a visita que fez a Londrina, e atendendo o pedido feito por dom Orlando Brandes, arcebispo de Londrina (PR), presidiu a missa no Semin\u00e1rio Paulo VI com a presen\u00e7a de v\u00e1rios bispos do Paran\u00e1, como o arcebispo de Maring\u00e1, dom Anuar Battisti, dom Albano Cavallin, Arcebispo Em\u00e9rito de Londrina e o pr\u00f3prio dom Orlando Brandes. Na ocasi\u00e3o estiveram presentes v\u00e1rios padres da prov\u00edncia eclesi\u00e1stica, di\u00e1conos, seminaristas, religiosos e leigos.<\/p>\n<p style=\"text-align: justify\">O cardeal destacou a import\u00e2ncia de se preparar para os desafios do s\u00e9culo XXI e a busca de humanizar as rela\u00e7\u00f5es dentro e fora da Igreja. Se mostrou muito sol\u00edcito ao di\u00e1logo e motivou a busca do perd\u00e3o para a reconcilia\u00e7\u00e3o.<\/p>\n","protected":false},"excerpt":{"rendered":"<p>Na manh\u00e3 de ter\u00e7a-feira, 14 de agosto, esteve presente na Pontif\u00edcia Universidade Cat\u00f3lica do Paran\u00e1 (PUCPR), de Londrina, o cardeal Jo\u00e3o Braz de Aviz, que veio para dar uma palestra especial, na data de comemora\u00e7\u00e3o de 10 anos da Universidade.<\/p>\n","protected":false},"author":83,"featured_media":20917,"comment_status":"open","ping_status":"open","sticky":false,"template":"","format":"standard","meta":{"site-sidebar-layout":"default","site-content-layout":"default","ast-global-header-display":"","ast-banner-title-visibility":"","ast-main-header-display":"","ast-hfb-above-header-display":"","ast-hfb-below-header-display":"","ast-hfb-mobile-header-display":"","site-post-title":"","ast-breadcrumbs-content":"","ast-featured-img":"","footer-sml-layout":"","theme-transparent-header-meta":"","adv-header-id-meta":"","stick-header-meta":"","header-above-stick-meta":"","header-main-stick-meta":"","header-below-stick-meta":""},"categories":[766,849],"tags":[],"acf":[],"_links":{"self":[{"href":"https:\/\/www.cnbb.org.br\/cnbb-app\/wp\/v2\/posts\/20916"}],"collection":[{"href":"https:\/\/www.cnbb.org.br\/cnbb-app\/wp\/v2\/posts"}],"about":[{"href":"https:\/\/www.cnbb.org.br\/cnbb-app\/wp\/v2\/types\/post"}],"author":[{"embeddable":true,"href":"https:\/\/www.cnbb.org.br\/cnbb-app\/wp\/v2\/users\/83"}],"replies":[{"embeddable":true,"href":"https:\/\/www.cnbb.org.br\/cnbb-app\/wp\/v2\/comments?post=20916"}],"version-history":[{"count":0,"href":"https:\/\/www.cnbb.org.br\/cnbb-app\/wp\/v2\/posts\/20916\/revisions"}],"wp:featuredmedia":[{"embeddable":true,"href":"https:\/\/www.cnbb.org.br\/cnbb-app\/wp\/v2\/media\/20917"}],"wp:attachment":[{"href":"https:\/\/www.cnbb.org.br\/cnbb-app\/wp\/v2\/media?parent=20916"}],"wp:term":[{"taxonomy":"category","embeddable":true,"href":"https:\/\/www.cnbb.org.br\/cnbb-app\/wp\/v2\/categories?post=20916"},{"taxonomy":"post_tag","embeddable":true,"href":"https:\/\/www.cnbb.org.br\/cnbb-app\/wp\/v2\/tags?post=20916"}],"curies":[{"name":"wp","href":"https:\/\/api.w.org\/{rel}","templated":true}]}}