{"id":20928,"date":"2012-10-12T00:00:00","date_gmt":"2012-10-12T03:00:00","guid":{"rendered":"https:\/\/www.cnbb.org.br\/mesa-de-abertura-do-2o-ebruc-promove-dialogo-entre-bispos-e-universitarios\/"},"modified":"2012-10-12T00:00:00","modified_gmt":"2012-10-12T03:00:00","slug":"mesa-de-abertura-do-2o-ebruc-promove-dialogo-entre-bispos-e-universitarios","status":"publish","type":"post","link":"https:\/\/www.cnbb.org.br\/mesa-de-abertura-do-2o-ebruc-promove-dialogo-entre-bispos-e-universitarios\/","title":{"rendered":"Mesa de abertura do 2\u00ba Ebruc promove di\u00e1logo entre bispos e universit\u00e1rios"},"content":{"rendered":"<p style=\"text-align: justify\">Na tarde do primeiro dia do Encontro Brasileiro de Universit\u00e1rios Crist\u00e3os (Ebruc), o destaque foi a Mesa Redonda que teve como tem\u00e1tica \u201cA arte de entrela\u00e7ar saberes e culturas\u201d.<\/p>\n<p><!--more--><\/p>\n<p style=\"text-align: justify\">O arcebispo de Curitiba (PR), dom Moacyr Jos\u00e9 Vitti, saudou, em nome da Igreja Cat\u00f3lica, todos os jovens universit\u00e1rios presentes. \u201cTodo o encontro \u00e9 um encontro com a f\u00e9, \u00e9 um encontro com Jesus Cristo\u201d, disse o arcebispo, que valorizou o crescimento da f\u00e9 como meio de canalizar a \u201cfor\u00e7a da juventude\u201d.<\/p>\n<p style=\"text-align: justify\"><img decoding=\"async\" loading=\"lazy\" class=\" alignright size-full wp-image-16614\" style=\"float: right\" src=\"https:\/\/www.cnbb.org.br\/wp-content\/uploads\/2020\/03\/bispos_2ebruc.jpg\" alt=\"bispos_2ebruc\" width=\"555\" height=\"305\" \/>O bispo auxiliar de S\u00e3o Paulo e referencial do Setor Univerisdades da CNBB, dom Tarc\u00edsio Scaramussa, fez um breve balan\u00e7o do trabalho do Setor Universidade. Ele tamb\u00e9m destacou que deseja que o setor cres\u00e7a nos 17 Regionais da CNBB.<\/p>\n<p style=\"text-align: justify\">\u201cEsperamos que este encontro favore\u00e7a o crescimento da Pastoral Universit\u00e1ria no Brasil, para que no 3\u00ba Ebruc possamos contar com representantes de todos os Regionais da CNBB\u201d, disse dom Scaramussa.<\/p>\n<p style=\"text-align: justify\">Falando sobre o tema do Ebruc, \u201cEduca\u00e7\u00e3o e Cultura: Are\u00f3pagos da Miss\u00e3o\u201d, dom Scaramussa falou que a escolha deste tema coloca no centro do pr\u00f3ximo Ebruc a Educa\u00e7\u00e3o e a Cultura como espa\u00e7os da miss\u00e3o evangelizadora da Igreja e de cada crist\u00e3o. \u201cEste espa\u00e7o \u00e9 definido sugestivamente como um are\u00f3pago, express\u00e3o que remonta \u00e0 Gr\u00e9cia antiga, e que foi assumindo significados diferentes, de acordo com a evolu\u00e7\u00e3o pol\u00edtica: no in\u00edcio era como um conselho de s\u00e1bios e governantes e guerreiros que protegem a cidade, depois tornou-se tamb\u00e9m tribunal democr\u00e1tico e, finalmente, espa\u00e7o aberto a todos os cidad\u00e3os para um di\u00e1logo e confronto, apresentando suas ideias e propostas para o bem comum e para o desenvolvimento da sociedade. Parece ser esse conceito de democracia e di\u00e1logo, que remete ao tempo da famosa interven\u00e7\u00e3o de S\u00e3o Paulo no Are\u00f3pago de Atenas, o que inspira a Igreja hoje para a sua atua\u00e7\u00e3o no meio universit\u00e1rio. O tema do 2\u00ba EBRUC ressalta, portanto, que a Igreja, atrav\u00e9s de seus membros individualmente, e de seus grupos e institui\u00e7\u00f5es organizadas, tamb\u00e9m se faz presente no campo da Educa\u00e7\u00e3o e da Cultura, como are\u00f3pagos do nosso tempo, concretizando neles sua miss\u00e3o evangelizadora\u201d, disse dom Tarc\u00edsio sobre o tema do encontro.<\/p>\n<p style=\"text-align: justify\"><img decoding=\"async\" loading=\"lazy\" class=\" alignright size-full wp-image-16615\" style=\"float: right\" src=\"https:\/\/www.cnbb.org.br\/wp-content\/uploads\/2020\/03\/Dom_Scaramussa_2ebruc.jpg\" alt=\"Dom_Scaramussa_2ebruc\" width=\"555\" height=\"291\" \/>O bispo auxiliar de S\u00e3o Paulo destacou o lema do Ebruc \u201cFalamos daquilo que sabemos, testemunhamos o que vimos&#8221;. \u201cO lema do encontro destaca o valor do saber e do testemunho do crist\u00e3o. A participa\u00e7\u00e3o no di\u00e1logo f\u00e9 e cultura exige saber fundamentado, assimilado, consciente. Exige, ao mesmo tempo, convic\u00e7\u00e3o e coer\u00eancia para testemunhar o que se vivenciou, o que se interiorizou como experi\u00eancia de f\u00e9, de encontro com o Senhor. O ap\u00f3stolo Paulo, profundo conhecedor da cultura de seu tempo, dialogou em n\u00edvel de igualdade com seus interlocutores, e surpreendeu-os ao transmitir sua experi\u00eancia e convic\u00e7\u00e3o de f\u00e9, falando-lhes do \u2018Deus desconhecido\u2019. N\u00e3o foi entendido por todos, mas muitos se interessaram e foram tocados pelo seu testemunho\u201d, completou.<\/p>\n<p style=\"text-align: justify\">Ap\u00f3s a fala de dom Scaramussa, jovens, representando as regi\u00f5es do pa\u00eds falaram sobre as dificuldades, desafios e perspectivas na a\u00e7\u00e3o juvenil atuando pela Igreja. Os jovens foram: Marcos Almeida e frei Regivaldo Nascimento (Norte); Marilson Sim\u00f5es e Leonardo Cavalcante (Sudeste); Jos\u00e9 Cl\u00e1udio de Almeida (Nordeste); M\u00e1rcio Roberto Aguiar (Sul) e Juliana Ferraz (Centro-Oeste).<\/p>\n","protected":false},"excerpt":{"rendered":"<p>Na tarde do primeiro dia do Encontro Brasileiro de Universit\u00e1rios Crist\u00e3os (Ebruc), o destaque foi a Mesa Redonda que teve como tem\u00e1tica \u201cA arte de entrela\u00e7ar saberes e culturas\u201d.<\/p>\n","protected":false},"author":83,"featured_media":20929,"comment_status":"open","ping_status":"open","sticky":false,"template":"","format":"standard","meta":{"site-sidebar-layout":"default","site-content-layout":"default","ast-global-header-display":"","ast-banner-title-visibility":"","ast-main-header-display":"","ast-hfb-above-header-display":"","ast-hfb-below-header-display":"","ast-hfb-mobile-header-display":"","site-post-title":"","ast-breadcrumbs-content":"","ast-featured-img":"","footer-sml-layout":"","theme-transparent-header-meta":"","adv-header-id-meta":"","stick-header-meta":"","header-above-stick-meta":"","header-main-stick-meta":"","header-below-stick-meta":""},"categories":[766,849],"tags":[],"acf":[],"_links":{"self":[{"href":"https:\/\/www.cnbb.org.br\/cnbb-app\/wp\/v2\/posts\/20928"}],"collection":[{"href":"https:\/\/www.cnbb.org.br\/cnbb-app\/wp\/v2\/posts"}],"about":[{"href":"https:\/\/www.cnbb.org.br\/cnbb-app\/wp\/v2\/types\/post"}],"author":[{"embeddable":true,"href":"https:\/\/www.cnbb.org.br\/cnbb-app\/wp\/v2\/users\/83"}],"replies":[{"embeddable":true,"href":"https:\/\/www.cnbb.org.br\/cnbb-app\/wp\/v2\/comments?post=20928"}],"version-history":[{"count":0,"href":"https:\/\/www.cnbb.org.br\/cnbb-app\/wp\/v2\/posts\/20928\/revisions"}],"wp:featuredmedia":[{"embeddable":true,"href":"https:\/\/www.cnbb.org.br\/cnbb-app\/wp\/v2\/media\/20929"}],"wp:attachment":[{"href":"https:\/\/www.cnbb.org.br\/cnbb-app\/wp\/v2\/media?parent=20928"}],"wp:term":[{"taxonomy":"category","embeddable":true,"href":"https:\/\/www.cnbb.org.br\/cnbb-app\/wp\/v2\/categories?post=20928"},{"taxonomy":"post_tag","embeddable":true,"href":"https:\/\/www.cnbb.org.br\/cnbb-app\/wp\/v2\/tags?post=20928"}],"curies":[{"name":"wp","href":"https:\/\/api.w.org\/{rel}","templated":true}]}}