{"id":20958,"date":"2013-07-19T00:00:00","date_gmt":"2013-07-19T03:00:00","guid":{"rendered":"https:\/\/www.cnbb.org.br\/comeca-em-belo-horizonte-o-congresso-mundial-de-universidades-catolicas\/"},"modified":"2013-07-19T00:00:00","modified_gmt":"2013-07-19T03:00:00","slug":"comeca-em-belo-horizonte-o-congresso-mundial-de-universidades-catolicas","status":"publish","type":"post","link":"https:\/\/www.cnbb.org.br\/comeca-em-belo-horizonte-o-congresso-mundial-de-universidades-catolicas\/","title":{"rendered":"Come\u00e7a em Belo Horizonte o Congresso Mundial de Universidades Cat\u00f3licas"},"content":{"rendered":"<p style=\"text-align: justify\">\n<p style=\"text-align: justify\">Foi aberto na noite de quinta-feira, 18 de julho, na PUC Minas em Belo Horizonte (MG) a segunda edi\u00e7\u00e3o do Congresso Mundial de Universidades Cat\u00f3licas (CMUC). O evento tem intensa programa\u00e7\u00e3o at\u00e9 o pr\u00f3ximo dia 21 de julho, antecedendo a 28\u00aa Jornada Mundial da Juventude (JMJ), marcada para a semana seguinte no Rio de Janeiro. Aproximadamente dois mil estudiosos, professores e alunos de institui\u00e7\u00f5es cat\u00f3licas de ensino superior e pastorais de todo o mundo est\u00e3o reunidos para compartilhar experi\u00eancias e debater assuntos sobre as grandes mudan\u00e7as da realidade. Participam institui\u00e7\u00f5es de v\u00e1rios pa\u00edses, como Argentina, Chile, Espanha, Eslov\u00e1quia e Peru.<\/p>\n<p><!--more--><\/p>\n<p style=\"text-align: justify\">Tema da Campanha da Fraternidade 2013 e foco de diversas a\u00e7\u00f5es da Igreja Cat\u00f3lica, os jovens, seu protagonismo e seus reflexos na sociedade est\u00e1 entre os principais eixos de discuss\u00f5es do CMUC. Com a tem\u00e1tica \u201cNovos tempos, novos sentidos\u201d, o congresso internacional debater\u00e1 tamb\u00e9m quest\u00f5es relacionadas \u00e0 f\u00e9 e \u00e0 crise de sentido, \u00e0 espiritualidade e \u00e0 comunica\u00e7\u00e3o como espa\u00e7os para a constru\u00e7\u00e3o do humano, \u00e0 fam\u00edlia, \u00e0 sexualidade e ao papel da educa\u00e7\u00e3o cat\u00f3lica na atualidade.<\/p>\n<p style=\"text-align: justify\">\u201cO CMUC \u00e9 uma oportunidade para os jovens terem consci\u00eancia da sua import\u00e2ncia na condu\u00e7\u00e3o da nova realidade. Eles devem se sentir encorajados a continuar a investiga\u00e7\u00e3o da verdade e do seu significado durante toda a vida. Vamos discutir a import\u00e2ncia do seu protagonismo no \u00e2mbito do exerc\u00edcio da profiss\u00e3o, na sociedade marcada pela diversidade cultural, no mundo da pol\u00edtica, na busca da constru\u00e7\u00e3o de uma sociedade mais sustent\u00e1vel e na participa\u00e7\u00e3o na vida eclesial\u201c, destaca o coordenador executivo do CMUC e presidente do comit\u00ea tem\u00e1tico, professor Carlos Frederico Barboza de Souza.<\/p>\n<p style=\"text-align: justify\">O CMUC \u00e9 uma realiza\u00e7\u00e3o da Confer\u00eancia Nacional dos Bispos do Brasil (CNBB); da Federa\u00e7\u00e3o Internacional de Universidades Cat\u00f3licas (Fiuc); da Organiza\u00e7\u00e3o de Universidades Cat\u00f3licas da Am\u00e9rica Latina e Caribe (Oducal) e da Associa\u00e7\u00e3o Nacional de Educa\u00e7\u00e3o Cat\u00f3lica (Anec); com o apoio da PUC Minas e da Arquidiocese de Belo Horizonte O congresso tem a contribui\u00e7\u00e3o de \u00f3rg\u00e3os p\u00fablicos brasileiros nas esferas estadual e municipal e tamb\u00e9m de organismos nacionais e internacionais, como a Congrega\u00e7\u00e3o para a Educa\u00e7\u00e3o Cat\u00f3lica e Pontif\u00edcio Conselho para os Leigos.<\/p>\n<p style=\"text-align: justify\"><strong>Confira a programa\u00e7\u00e3o do CMUC<\/strong><\/p>\n<p style=\"text-align: justify\"><strong>18 de julho de 2013 \u2013 Quinta-feira<\/strong><\/p>\n<p style=\"text-align: justify\">8h \u2013 18h \u2013 Congresso Latino Americano de Pastoral Universit\u00e1ria<\/p>\n<p style=\"text-align: justify\">19h \u2013 20h \u2013 Solenidade de Abertura<br \/>\n20h15 \u2013 21h \u2013 Atividade cultural<\/p>\n<p style=\"text-align: justify\"><strong>19 de julho de 2013 \u2013 Sexta-feira<\/strong><\/p>\n<p style=\"text-align: justify\">8h \u2013 9h30 \u2013 Missa de Abertura<br \/>\n9h30 \u2013 10h \u2013 Apresenta\u00e7\u00e3o institucional PUC Minas e CMUC.<br \/>\n10h \u2013 10h40 \u2013<br \/>\n1. Confer\u00eancia: Desafios para a educa\u00e7\u00e3o cat\u00f3lica no novo mil\u00eanio<br \/>\nConferencista: Michael James (EUA)<br \/>\n10h40 \u2013 11h10 \u2013 Intervalo<br \/>\nFeira de Universidades \u2013 visite os estandes, conhe\u00e7a as universidades e institui\u00e7\u00f5es parceiras.<br \/>\n11h10 \u2013 12h30 \u2013<br \/>\n2. Confer\u00eancia: F\u00e9 e crise de sentido<br \/>\nConferencistas: Dom Bruno Forte (It\u00e1lia) \/ Pe. Jo\u00e3o Batista Lib\u00e2nio, SJ (Belo Horizonte \u2013 Brasil)<br \/>\n12h30 \u2013 13h \u2013 Debate<\/p>\n<p style=\"text-align: justify\">13h30 \u2013 14h30 \u2013 Atividade cultural<br \/>\nB. Rubinho do Vale \u2013 espa\u00e7o de conviv\u00eancia<\/p>\n<p style=\"text-align: justify\">Espa\u00e7os simult\u00e2neos<br \/>\n15h00 \u2013 16h30 \u2013 Atividades variadas (programa\u00e7\u00e3o em anexo)<br \/>\n&#8211; 15 Arenas Tem\u00e1ticas distribu\u00eddas em dois dias<br \/>\n&#8211; 14 Minicursos<br \/>\n&#8211; 11 Pain\u00e9is<br \/>\n&#8211; 6 F\u00f3rum &#8211; inclui F\u00f3rum de Reitores<br \/>\n&#8211; 11 Oficinas<\/p>\n<p style=\"text-align: justify\">16h30 \u2013 17h \u2013 Mostras itinerantes<\/p>\n<p style=\"text-align: justify\">17h \u2013 18h20 \u2013<br \/>\n3. Confer\u00eancia: Espiritualidade e comunica\u00e7\u00e3o: l\u00f3cus de constru\u00e7\u00e3o do humano.<br \/>\nConferencistas: Pe. Antonio Spadaro, SJ (Roma \u2013 It\u00e1lia) \/ Jornalista Beatriz Castro (Recife \u2013 Brasil)<br \/>\n18h20 \u2013 18h45 \u2013 Debate<\/p>\n<p style=\"text-align: justify\">19h \u2013 20h \u2013 Atividade cultural<\/p>\n<p style=\"text-align: justify\"><strong>20 de julho de 2013 \u2013 S\u00e1bado<\/strong><\/p>\n<p style=\"text-align: justify\">8h \u2013 8h40 \u2013<br \/>\n4. Confer\u00eancia: Fam\u00edlia, amizade, afetividade e sexualidade: desafios para um amor integral.<br \/>\nConferencista: Pe. Jos\u00e9 Tolentino de Mendon\u00e7a (Lisboa \u2013 Portugal)<\/p>\n<p>8h40 \u2013 9h \u2013 Debate<\/p>\n<p>9h \u2013 10h20<br \/>\n5. Mesa de discuss\u00e3o: Desafios para o amor integral<br \/>\nParticipantes da mesa:<br \/>\n&#8211; Amor e contemporaneidade: Ricardo Fenati (Belo Horizonte \u2013 Brasil)<br \/>\n&#8211; Amor interpessoal no espa\u00e7o eclesial: Ir. Martha Seide (Haiti \u2013 Roma \u2013 It\u00e1lia)<br \/>\n&#8211; Desafios do relacionamento entre os jovens estudantes: acad\u00eamica Em\u00edlia Borges de S\u00e1 (Brasil)<br \/>\n&#8211; A raz\u00e3o diante das emo\u00e7\u00f5es e afetos no espa\u00e7o acad\u00eamico: Pe. Cristian Roncagliolo (Santiago \u2013 Chile)<\/p>\n<p style=\"text-align: justify\">10h50 \u2013 12h15<br \/>\n6. Painel: Pesquisa mundial sobre a juventude (FIUC) \u2013<br \/>\nPainelista: Montserrat Alom Bartrol\u00ed (Espanha &#8211; Fran\u00e7a) \/ Walter Prysthon (Brasil \u2013 Fran\u00e7a)<\/p>\n<p style=\"text-align: justify\">12h15 \u2013 13h<br \/>\n7. Confer\u00eancia: Voca\u00e7\u00e3o e vida profissional<br \/>\nConferencista: Cardeal Peter Turkson (Gana)<br \/>\nLan\u00e7amento do documento do Pontif\u00edcio Conselho Justi\u00e7a e Paz: A voca\u00e7\u00e3o do l\u00edder empreendedor \u2013 uma reflex\u00e3o<\/p>\n<p style=\"text-align: justify\">13h \u2013 Almo\u00e7o<br \/>\nFeira de Universidades \u2013 visite os estandes, conhe\u00e7a as universidades e institui\u00e7\u00f5es parceiras.<\/p>\n<p style=\"text-align: justify\">13h \u2013 15h \u2013 Atividade cultural<\/p>\n<p style=\"text-align: justify\">Espa\u00e7os simult\u00e2neos<br \/>\n15h \u2013 16h \u2013 Atividades variadas<\/p>\n<p style=\"text-align: justify\">16h30 \u2013 17h \u2013 Intervalo<\/p>\n<p style=\"text-align: justify\">16h30 \u2013 17h \u2013 Mostras itinerantes<\/p>\n<p style=\"text-align: justify\">Audit\u00f3rio Principal &#8211; Complexo Esportivo<br \/>\n17h \u2013 19h \u2013<br \/>\n8. Confer\u00eancia: Universidade, Cultura da Paz e Protagonismo Juvenil.<br \/>\nConferencistas: Nathalie Becquart (Fran\u00e7a) \/ Mart\u00edn Valverde (Costa Rica \u2013 M\u00e9xico) \/ Bunker Roy (\u00cdndia) \/ Meagan Carnahan (Nova Zel\u00e2ndia e \u00cdndia)<\/p>\n<p style=\"text-align: justify\">19h \u2013 Missa<\/p>\n<p style=\"text-align: justify\">20h30 \u2013 Atividade cultural<\/p>\n<p style=\"text-align: justify\"><strong>21 de julho de 2013 \u2013 Domingo<\/strong><\/p>\n<p style=\"text-align: justify\">Audit\u00f3rio Principal &#8211; Complexo Esportivo<br \/>\n8h \u2013 8h20 \u2013 Momento Ecum\u00eanico<\/p>\n<p style=\"text-align: justify\">8h20 \u2013 10h15<br \/>\n9. Mesa-redonda: Universidade, diversidade cultural e espiritualidade.<br \/>\nConferencistas: Pe. Jos\u00e9 Tolentino de Mendon\u00e7a (Portugal), Cardeal Peter Turkson (Gana), Dom Bruno Forte (It\u00e1lia)<\/p>\n<p style=\"text-align: justify\">Atividades simult\u00e2neas<br \/>\n8h20 \u2013 10h20 \u2013 F\u00f3rum de Reitores \u2013 Momento final<br \/>\n8h20 \u2013 10h20 \u2013 Encontro de membros de pastorais universit\u00e1rias \u2013<\/p>\n<p>10h50 \u2013 10h50 \u2013 Intervalo<\/p>\n<p style=\"text-align: justify\">11h10 \u2013 12h \u2013 S\u00edntese CMUC 2013<br \/>\n&#8211; CMUC 2013 (Prof. Edward Guimaraes)<br \/>\n&#8211; Pastorais Universit\u00e1rias<br \/>\n&#8211; F\u00f3rum de Reitores<\/p>\n<p style=\"text-align: justify\">12h \u2013 13h<br \/>\n10. Confer\u00eancia final: \u201cIde, pois, fazer disc\u00edpulos entre todas as na\u00e7\u00f5es!\u201d (Mt. 28, 19): a miss\u00e3o das Universidades Cat\u00f3licas e das Pastorais Universit\u00e1rias nos \u201cnovos tempos\u201d.<br \/>\nConferencistas:\u00a0 Pe. Pedro Rubens, SJ (Presidente da FIUC e Reitor da UNICAP \u2013 Recife) e Dom Zani (Secret\u00e1rio Geral da Sagrada Congrega\u00e7\u00e3o para a Educa\u00e7\u00e3o Cat\u00f3lica \u2013 It\u00e1lia)<\/p>\n<p style=\"text-align: justify\">13h \u2013 13h30 \u2013 Encerramento do CMUC 2013<\/p>\n<p style=\"text-align: justify\">16h \u2013 Missa de Encerramento (em conjunto com a Semana Mission\u00e1ria) &#8211; Pra\u00e7a da Esta\u00e7\u00e3o<\/p>\n","protected":false},"excerpt":{"rendered":"<p>Foi aberto na noite de quinta-feira, 18 de julho, na PUC Minas em Belo Horizonte (MG) a segunda edi\u00e7\u00e3o do Congresso Mundial de Universidades Cat\u00f3licas (CMUC). O evento tem intensa programa\u00e7\u00e3o at\u00e9 o pr\u00f3ximo dia 21 de julho, antecedendo a 28\u00aa Jornada Mundial da Juventude (JMJ), marcada para a semana seguinte no Rio de Janeiro. &hellip;<\/p>\n<p class=\"read-more\"> <a class=\"\" href=\"https:\/\/www.cnbb.org.br\/comeca-em-belo-horizonte-o-congresso-mundial-de-universidades-catolicas\/\"> <span class=\"screen-reader-text\">Come\u00e7a em Belo Horizonte o Congresso Mundial de Universidades Cat\u00f3licas<\/span> Leia mais &raquo;<\/a><\/p>\n","protected":false},"author":83,"featured_media":20959,"comment_status":"open","ping_status":"open","sticky":false,"template":"","format":"standard","meta":{"site-sidebar-layout":"default","site-content-layout":"default","ast-global-header-display":"","ast-banner-title-visibility":"","ast-main-header-display":"","ast-hfb-above-header-display":"","ast-hfb-below-header-display":"","ast-hfb-mobile-header-display":"","site-post-title":"","ast-breadcrumbs-content":"","ast-featured-img":"","footer-sml-layout":"","theme-transparent-header-meta":"","adv-header-id-meta":"","stick-header-meta":"","header-above-stick-meta":"","header-main-stick-meta":"","header-below-stick-meta":""},"categories":[766,849],"tags":[],"acf":[],"_links":{"self":[{"href":"https:\/\/www.cnbb.org.br\/cnbb-app\/wp\/v2\/posts\/20958"}],"collection":[{"href":"https:\/\/www.cnbb.org.br\/cnbb-app\/wp\/v2\/posts"}],"about":[{"href":"https:\/\/www.cnbb.org.br\/cnbb-app\/wp\/v2\/types\/post"}],"author":[{"embeddable":true,"href":"https:\/\/www.cnbb.org.br\/cnbb-app\/wp\/v2\/users\/83"}],"replies":[{"embeddable":true,"href":"https:\/\/www.cnbb.org.br\/cnbb-app\/wp\/v2\/comments?post=20958"}],"version-history":[{"count":0,"href":"https:\/\/www.cnbb.org.br\/cnbb-app\/wp\/v2\/posts\/20958\/revisions"}],"wp:featuredmedia":[{"embeddable":true,"href":"https:\/\/www.cnbb.org.br\/cnbb-app\/wp\/v2\/media\/20959"}],"wp:attachment":[{"href":"https:\/\/www.cnbb.org.br\/cnbb-app\/wp\/v2\/media?parent=20958"}],"wp:term":[{"taxonomy":"category","embeddable":true,"href":"https:\/\/www.cnbb.org.br\/cnbb-app\/wp\/v2\/categories?post=20958"},{"taxonomy":"post_tag","embeddable":true,"href":"https:\/\/www.cnbb.org.br\/cnbb-app\/wp\/v2\/tags?post=20958"}],"curies":[{"name":"wp","href":"https:\/\/api.w.org\/{rel}","templated":true}]}}