{"id":20979,"date":"2014-11-19T00:00:00","date_gmt":"2014-11-19T02:00:00","guid":{"rendered":"https:\/\/www.cnbb.org.br\/encontro-da-pastoral-universitaria-em-bh-e-marcado-por-novas-articulacoes\/"},"modified":"2014-11-19T00:00:00","modified_gmt":"2014-11-19T02:00:00","slug":"encontro-da-pastoral-universitaria-em-bh-e-marcado-por-novas-articulacoes","status":"publish","type":"post","link":"https:\/\/www.cnbb.org.br\/encontro-da-pastoral-universitaria-em-bh-e-marcado-por-novas-articulacoes\/","title":{"rendered":"Encontro da Pastoral Universit\u00e1ria em BH \u00e9 marcado por novas articula\u00e7\u00f5es"},"content":{"rendered":"<p style=\"text-align: justify\" align=\"center\"><span style=\"line-height: 1.3em\">Com o objetivo de articular e fortalecer a Pastoral Universit\u00e1ria na arquidiocese de Belo Horizonte (MG), universit\u00e1rios, docentes e pessoas interessadas estiveram reunidas no domingo, 16, para o Encontro Arquidiocesano de Pastoral Universit\u00e1ria, na Faculdade Arnaldo.<\/span><\/p>\n<p><!--more--><\/p>\n<p style=\"text-align: justify\" align=\"center\"><span style=\"line-height: 1.3em\">O evento foi realizado pelo setor Universidades da Confer\u00eancia Nacional dos Bispos do Brasil (CNBB), por meio da arquidiocese de Belo Horizonte, e em parceria com a Pontif\u00edcia Universidade Cat\u00f3lica (PUC Minas) e Faculdade Arnaldo. Deste evento surgiu uma comiss\u00e3o para articular os trabalhos no \u00e2mbito universit\u00e1rio e o desejo de uma nova reuni\u00e3o, prevista para maio de 2015, em prepara\u00e7\u00e3o ao Encontro Brasileiro de Universit\u00e1rios Crist\u00e3os EBRUC 2015), na cidade de Colatina (ES).<\/span><\/p>\n<p style=\"text-align: justify\">A assessora nacional do setor Universidades da CNBB e uma das articuladoras do evento, irm\u00e3 Eug\u00eania Lhoris, fez uma avalia\u00e7\u00e3o positiva do encontro. \u201cN\u00e3o foi um encontro numeroso, mas representativo, e surgiu daqui uma articula\u00e7\u00e3o que quer continuar esse processo de formar e criar um projeto arquidiocesano, o que \u00e9 hist\u00f3rico\u201d, afirma.<\/p>\n<p style=\"text-align: justify\">Para frei Oswaldo, assessor arquidiocesano para a Pastoral Universit\u00e1ria da capital mineira, o evento foi produtivo, pois abriu perspectivas para novos encontros. \u201cFoi uma ocasi\u00e3o \u00fanica de se encontrar, de ver o cada um faz, o que temos em comum. Foi muito bom, pois n\u00e3o havia ainda essa experi\u00eancia em Belo Horizonte e conseguimos tamb\u00e9m, no final, amarrar certo numero de coisas para dar continuidade\u201d, ressalta.<\/p>\n<p style=\"text-align: justify\">Entre os participantes, estavam integrantes do Movimento Universidade Renovas (MUR), Movimento dos Focolares e coordenadores de pastoral universit\u00e1ria da Pontif\u00edcia Universidade Cat\u00f3lica (PUC Minas). Estiveram presentes ainda representantes da Faculdade Arnaldo, Faculdade Par\u00e1 de Minas (FAPAM), Faculdade Jesu\u00edta de Filosofia e Teologia (FAJE), da Universidade Federal de Minas Gerais (UFMG) e da diocese de Sete Lagoas (MG).<\/p>\n<p style=\"text-align: justify\">O evento foi realizado pelo setor Universidades da CNBB por meio da arquidiocese de Belo Horizonte em parceria com a PUC Minas e faculdade Arnaldo. Deste evento surgiu a comiss\u00e3o para articular os trabalhos no \u00e2mbito universit\u00e1rio e o desejo de uma nova reuni\u00e3o que acontecer\u00e1 em maio do ano que vem em prepara\u00e7\u00e3o para o \u00a0Encontro Brasileiro de Universit\u00e1rios Crist\u00e3os (EBRUC 2015) na cidade de Colatina (ES).<\/p>\n<p style=\"text-align: justify\">\n","protected":false},"excerpt":{"rendered":"<p>Com o objetivo de articular e fortalecer a Pastoral Universit\u00e1ria na arquidiocese de Belo Horizonte (MG), universit\u00e1rios, docentes e pessoas interessadas estiveram reunidas no domingo, 16, para o Encontro Arquidiocesano de Pastoral Universit\u00e1ria, na Faculdade Arnaldo.<\/p>\n","protected":false},"author":83,"featured_media":20980,"comment_status":"open","ping_status":"open","sticky":false,"template":"","format":"standard","meta":{"site-sidebar-layout":"default","site-content-layout":"default","ast-global-header-display":"","ast-banner-title-visibility":"","ast-main-header-display":"","ast-hfb-above-header-display":"","ast-hfb-below-header-display":"","ast-hfb-mobile-header-display":"","site-post-title":"","ast-breadcrumbs-content":"","ast-featured-img":"","footer-sml-layout":"","theme-transparent-header-meta":"","adv-header-id-meta":"","stick-header-meta":"","header-above-stick-meta":"","header-main-stick-meta":"","header-below-stick-meta":""},"categories":[766,849],"tags":[],"acf":[],"_links":{"self":[{"href":"https:\/\/www.cnbb.org.br\/cnbb-app\/wp\/v2\/posts\/20979"}],"collection":[{"href":"https:\/\/www.cnbb.org.br\/cnbb-app\/wp\/v2\/posts"}],"about":[{"href":"https:\/\/www.cnbb.org.br\/cnbb-app\/wp\/v2\/types\/post"}],"author":[{"embeddable":true,"href":"https:\/\/www.cnbb.org.br\/cnbb-app\/wp\/v2\/users\/83"}],"replies":[{"embeddable":true,"href":"https:\/\/www.cnbb.org.br\/cnbb-app\/wp\/v2\/comments?post=20979"}],"version-history":[{"count":0,"href":"https:\/\/www.cnbb.org.br\/cnbb-app\/wp\/v2\/posts\/20979\/revisions"}],"wp:featuredmedia":[{"embeddable":true,"href":"https:\/\/www.cnbb.org.br\/cnbb-app\/wp\/v2\/media\/20980"}],"wp:attachment":[{"href":"https:\/\/www.cnbb.org.br\/cnbb-app\/wp\/v2\/media?parent=20979"}],"wp:term":[{"taxonomy":"category","embeddable":true,"href":"https:\/\/www.cnbb.org.br\/cnbb-app\/wp\/v2\/categories?post=20979"},{"taxonomy":"post_tag","embeddable":true,"href":"https:\/\/www.cnbb.org.br\/cnbb-app\/wp\/v2\/tags?post=20979"}],"curies":[{"name":"wp","href":"https:\/\/api.w.org\/{rel}","templated":true}]}}