{"id":21030,"date":"2009-10-05T00:00:00","date_gmt":"2009-10-05T03:00:00","guid":{"rendered":"https:\/\/www.cnbb.org.br\/arquidiocese-de-bh-estuda-texto-base-do-3o-congresso-vocacional\/"},"modified":"2009-10-05T00:00:00","modified_gmt":"2009-10-05T03:00:00","slug":"arquidiocese-de-bh-estuda-texto-base-do-3o-congresso-vocacional","status":"publish","type":"post","link":"https:\/\/www.cnbb.org.br\/arquidiocese-de-bh-estuda-texto-base-do-3o-congresso-vocacional\/","title":{"rendered":"Arquidiocese de BH estuda texto-base do 3\u00ba Congresso Vocacional"},"content":{"rendered":"<p style=\"text-align: justify\">No dia 28, a arquidiocese de Belo Horizonte fez um estudo sobre o Texto-Base do 3\u00ba Congresso Vocacional que ocorrer\u00e1 em Itaici (SP), entre os dias 3 e 7 de<\/p>\n<p><!--more--><\/p>\n<p style=\"text-align: justify\">setembro de 2010. O estudo foi assessorado pelo religioso, padre Tadeu Furtado. O evento contou com a participa\u00e7\u00e3o de 46 animadores vocacionais do Regional Leste 2 da CNBB (Esp\u00edrito Santo e Minas Gerais).<\/p>\n<p style=\"text-align: justify\">Durante o encontro, o assessor lan\u00e7ou propostas de reflex\u00e3o sobre a caminhada de anima\u00e7\u00e3o vocacional ao longo da hist\u00f3ria e para a percep\u00e7\u00e3o da necessidade de conhecer a realidade atual, com o objetivo de encontrar caminhos que possibilitem viver a fidelidade e aud\u00e1cia da miss\u00e3o na Igreja e na sociedade.<\/p>\n<p style=\"text-align: justify\">\u201cRefletimos, tamb\u00e9m, sobre a import\u00e2ncia de ter claro e concreto uma metologia, organiza\u00e7\u00e3o e um Planejamento que nos ajude a viver um resgate da realide, uma contextualiza\u00e7\u00e3o da anima\u00e7\u00e3o vocacional a partir da luz da Palavra de Deus e propostas operativas que tornem-se em concretas a\u00e7\u00f5es o nosso trabalho vocacional na Par\u00f3quia, comunidade e diocese\u201d, lembram os participantes do encontro.<\/p>\n<h4 style=\"text-align: justify\">3\u00ba Congresso Vocacional<\/h4>\n<p style=\"text-align: justify\">\u201cDisc\u00edpulos-mission\u00e1rios a servi\u00e7o das voca\u00e7\u00f5es\u201d e \u201cIde, pois, fazer disc\u00edpulos entre todas as na\u00e7\u00f5es. Estes s\u00e3o, respectivamente, o tema e lema do 3\u00ba Congresso Vocacional, cujo objetivo \u00e9 celebrar a caminhada a servi\u00e7o da anima\u00e7\u00e3o vocacional e aprofundar a teologia das voca\u00e7\u00f5es na perspectiva do discipulado e da missionaridade, a consolidar a identidade do animador e do servi\u00e7o de anima\u00e7\u00e3o vocacional, bem como oferecer pistas para o trabalho vocacional.<\/p>\n<p style=\"text-align: justify\">Pretende-se, ainda, com o evento, acolher, como horizonte e refer\u00eancia, o S\u00ednodo sobre a Palavra de Deus na vida e na miss\u00e3o da Igreja, e o Documento de Aparecida, com todas as suas indica\u00e7\u00f5es.<\/p>\n<p style=\"text-align: justify\">O Ano Sacerdotal \u201cFidelidade de Cristo, fidelidade do sacerdote\u201d, ser\u00e1 outro ponto tocado durante o Congresso.<\/p>\n","protected":false},"excerpt":{"rendered":"<p>No dia 28, a arquidiocese de Belo Horizonte fez um estudo sobre o Texto-Base do 3\u00ba Congresso Vocacional que ocorrer\u00e1 em Itaici (SP), entre os dias 3 e 7 de<\/p>\n","protected":false},"author":83,"featured_media":21031,"comment_status":"open","ping_status":"open","sticky":false,"template":"","format":"standard","meta":{"site-sidebar-layout":"default","site-content-layout":"default","ast-global-header-display":"","ast-banner-title-visibility":"","ast-main-header-display":"","ast-hfb-above-header-display":"","ast-hfb-below-header-display":"","ast-hfb-mobile-header-display":"","site-post-title":"","ast-breadcrumbs-content":"","ast-featured-img":"","footer-sml-layout":"","theme-transparent-header-meta":"","adv-header-id-meta":"","stick-header-meta":"","header-above-stick-meta":"","header-main-stick-meta":"","header-below-stick-meta":""},"categories":[766,838],"tags":[],"acf":[],"_links":{"self":[{"href":"https:\/\/www.cnbb.org.br\/cnbb-app\/wp\/v2\/posts\/21030"}],"collection":[{"href":"https:\/\/www.cnbb.org.br\/cnbb-app\/wp\/v2\/posts"}],"about":[{"href":"https:\/\/www.cnbb.org.br\/cnbb-app\/wp\/v2\/types\/post"}],"author":[{"embeddable":true,"href":"https:\/\/www.cnbb.org.br\/cnbb-app\/wp\/v2\/users\/83"}],"replies":[{"embeddable":true,"href":"https:\/\/www.cnbb.org.br\/cnbb-app\/wp\/v2\/comments?post=21030"}],"version-history":[{"count":0,"href":"https:\/\/www.cnbb.org.br\/cnbb-app\/wp\/v2\/posts\/21030\/revisions"}],"wp:featuredmedia":[{"embeddable":true,"href":"https:\/\/www.cnbb.org.br\/cnbb-app\/wp\/v2\/media\/21031"}],"wp:attachment":[{"href":"https:\/\/www.cnbb.org.br\/cnbb-app\/wp\/v2\/media?parent=21030"}],"wp:term":[{"taxonomy":"category","embeddable":true,"href":"https:\/\/www.cnbb.org.br\/cnbb-app\/wp\/v2\/categories?post=21030"},{"taxonomy":"post_tag","embeddable":true,"href":"https:\/\/www.cnbb.org.br\/cnbb-app\/wp\/v2\/tags?post=21030"}],"curies":[{"name":"wp","href":"https:\/\/api.w.org\/{rel}","templated":true}]}}