{"id":21088,"date":"2011-08-15T00:00:00","date_gmt":"2011-08-15T03:00:00","guid":{"rendered":"https:\/\/www.cnbb.org.br\/diocese-de-taubate-lembra-celebra-o-mes-vocacional-com-caminhada\/"},"modified":"2011-08-15T00:00:00","modified_gmt":"2011-08-15T03:00:00","slug":"diocese-de-taubate-lembra-celebra-o-mes-vocacional-com-caminhada","status":"publish","type":"post","link":"https:\/\/www.cnbb.org.br\/diocese-de-taubate-lembra-celebra-o-mes-vocacional-com-caminhada\/","title":{"rendered":"Diocese de Taubat\u00e9 celebra o M\u00eas Vocacional com caminhada"},"content":{"rendered":"<p style=\"text-align: justify\">No pr\u00f3ximo dia 21, a diocese de Taubat\u00e9 (SP) promove a 7\u00aa Caminhada Vocacional. O evento iniciar\u00e1 \u00e0s 9h, na Igreja S\u00e3o Jo\u00e3o Batista, e em seguida a caminhada segue at\u00e9 o momento de adora\u00e7\u00e3o e b\u00ean\u00e7\u00e3o do Sant\u00edssimo Sacramento. A caminhada vai tamb\u00e9m at\u00e9 o monumento do Cristo Redentor, ponto tur\u00edstico na cidade, onde acontecer\u00e1 a missa de encerramento da caminhada, presidida pelo bispo de Taubat\u00e9, dom Carmo Jo\u00e3o Rhoden.<\/p>\n<p><!--more--><\/p>\n<p style=\"text-align: justify\">S\u00e3o esperadas por volta de duas mil pessoas, entre fi\u00e9is, agentes das pastorais, movimentos, congrega\u00e7\u00f5es religiosas presentes na diocese. O objetivo da Caminhada \u00e9 celebrar o m\u00eas vocacional. \u201dQueremos animar toda a diocese para a conscientiza\u00e7\u00e3o do m\u00eas vocacional\u201d, afirmam os organizadores da Caminhada Vocacional.<\/p>\n","protected":false},"excerpt":{"rendered":"<p>No pr\u00f3ximo dia 21, a diocese de Taubat\u00e9 (SP) promove a 7\u00aa Caminhada Vocacional. O evento iniciar\u00e1 \u00e0s 9h, na Igreja S\u00e3o Jo\u00e3o Batista, e em seguida a caminhada segue at\u00e9 o momento de adora\u00e7\u00e3o e b\u00ean\u00e7\u00e3o do Sant\u00edssimo Sacramento. A caminhada vai tamb\u00e9m at\u00e9 o monumento do Cristo Redentor, ponto tur\u00edstico na cidade, onde &hellip;<\/p>\n<p class=\"read-more\"> <a class=\"\" href=\"https:\/\/www.cnbb.org.br\/diocese-de-taubate-lembra-celebra-o-mes-vocacional-com-caminhada\/\"> <span class=\"screen-reader-text\">Diocese de Taubat\u00e9 celebra o M\u00eas Vocacional com caminhada<\/span> Leia mais &raquo;<\/a><\/p>\n","protected":false},"author":83,"featured_media":21089,"comment_status":"open","ping_status":"open","sticky":false,"template":"","format":"standard","meta":{"site-sidebar-layout":"default","site-content-layout":"default","ast-global-header-display":"","ast-banner-title-visibility":"","ast-main-header-display":"","ast-hfb-above-header-display":"","ast-hfb-below-header-display":"","ast-hfb-mobile-header-display":"","site-post-title":"","ast-breadcrumbs-content":"","ast-featured-img":"","footer-sml-layout":"","theme-transparent-header-meta":"","adv-header-id-meta":"","stick-header-meta":"","header-above-stick-meta":"","header-main-stick-meta":"","header-below-stick-meta":""},"categories":[766,838],"tags":[],"acf":[],"_links":{"self":[{"href":"https:\/\/www.cnbb.org.br\/cnbb-app\/wp\/v2\/posts\/21088"}],"collection":[{"href":"https:\/\/www.cnbb.org.br\/cnbb-app\/wp\/v2\/posts"}],"about":[{"href":"https:\/\/www.cnbb.org.br\/cnbb-app\/wp\/v2\/types\/post"}],"author":[{"embeddable":true,"href":"https:\/\/www.cnbb.org.br\/cnbb-app\/wp\/v2\/users\/83"}],"replies":[{"embeddable":true,"href":"https:\/\/www.cnbb.org.br\/cnbb-app\/wp\/v2\/comments?post=21088"}],"version-history":[{"count":0,"href":"https:\/\/www.cnbb.org.br\/cnbb-app\/wp\/v2\/posts\/21088\/revisions"}],"wp:featuredmedia":[{"embeddable":true,"href":"https:\/\/www.cnbb.org.br\/cnbb-app\/wp\/v2\/media\/21089"}],"wp:attachment":[{"href":"https:\/\/www.cnbb.org.br\/cnbb-app\/wp\/v2\/media?parent=21088"}],"wp:term":[{"taxonomy":"category","embeddable":true,"href":"https:\/\/www.cnbb.org.br\/cnbb-app\/wp\/v2\/categories?post=21088"},{"taxonomy":"post_tag","embeddable":true,"href":"https:\/\/www.cnbb.org.br\/cnbb-app\/wp\/v2\/tags?post=21088"}],"curies":[{"name":"wp","href":"https:\/\/api.w.org\/{rel}","templated":true}]}}