{"id":21119,"date":"2013-07-12T00:00:00","date_gmt":"2013-07-12T03:00:00","guid":{"rendered":"https:\/\/www.cnbb.org.br\/diocese-de-criciuma-realizou-i-retiro-de-discernimento-vocacional\/"},"modified":"2013-07-12T00:00:00","modified_gmt":"2013-07-12T03:00:00","slug":"diocese-de-criciuma-realizou-i-retiro-de-discernimento-vocacional","status":"publish","type":"post","link":"https:\/\/www.cnbb.org.br\/diocese-de-criciuma-realizou-i-retiro-de-discernimento-vocacional\/","title":{"rendered":"Diocese de Crici\u00fama realizou I Retiro de Discernimento Vocacional"},"content":{"rendered":"<p style=\"text-align: justify\">O Semin\u00e1rio Diocesano Nossa Senhora de Caravaggio promoveu nos 06 e 07 de julho, o I Retiro de Discernimento Vocacional de 2013. Ao todo, 58 jovens de diversas par\u00f3quias da Diocese de Crici\u00fama participaram da atividade, promovida em parceria com a Pastoral Vocacional.\u00a0O bispo diocesano, dom Jacinto In\u00e1cio Flach esteve no encontro e falou da necessidade de confirmar os jovens na f\u00e9 e incentiv\u00e1-los a buscarem o encontro pessoal com Jesus. \u201cFoi verdadeiramente uma agrad\u00e1vel surpresa saber que os jovens possuem a sede de encontrar em Deus suas respostas e se disponibilizarem a participar deste encontro para melhor discernirem suas voca\u00e7\u00f5es&#8221;.<\/p>\n<p><!--more--><\/p>\n<p style=\"text-align: justify\">Sobre o encontro, dom Jacinto disse ser resultado, principalmente, de um grande incentivo diocesano \u00e0s ora\u00e7\u00f5es pelas voca\u00e7\u00f5es, que iniciou desde sua nomea\u00e7\u00e3o em 2009, atrav\u00e9s da promo\u00e7\u00e3o de adora\u00e7\u00f5es eucar\u00edsticas e semanas de ora\u00e7\u00e3o dedicadas \u00e0s voca\u00e7\u00f5es. &#8220;Agora precisamos acompanhar esses jovens e incentivar ainda mais a promo\u00e7\u00e3o deste tipo de retiro, pois desta forma o futuro da Igreja e do clero est\u00e1 garantido nas m\u00e3os destes jovens que resolvem dar seu sim&#8221;, desejou o bispo.<\/p>\n","protected":false},"excerpt":{"rendered":"<p>O Semin\u00e1rio Diocesano Nossa Senhora de Caravaggio promoveu nos 06 e 07 de julho, o I Retiro de Discernimento Vocacional de 2013. Ao todo, 58 jovens de diversas par\u00f3quias da Diocese de Crici\u00fama participaram da atividade, promovida em parceria com a Pastoral Vocacional.\u00a0O bispo diocesano, dom Jacinto In\u00e1cio Flach esteve no encontro e falou da &hellip;<\/p>\n<p class=\"read-more\"> <a class=\"\" href=\"https:\/\/www.cnbb.org.br\/diocese-de-criciuma-realizou-i-retiro-de-discernimento-vocacional\/\"> <span class=\"screen-reader-text\">Diocese de Crici\u00fama realizou I Retiro de Discernimento Vocacional<\/span> Leia mais &raquo;<\/a><\/p>\n","protected":false},"author":83,"featured_media":21120,"comment_status":"open","ping_status":"open","sticky":false,"template":"","format":"standard","meta":{"site-sidebar-layout":"default","site-content-layout":"default","ast-global-header-display":"","ast-banner-title-visibility":"","ast-main-header-display":"","ast-hfb-above-header-display":"","ast-hfb-below-header-display":"","ast-hfb-mobile-header-display":"","site-post-title":"","ast-breadcrumbs-content":"","ast-featured-img":"","footer-sml-layout":"","theme-transparent-header-meta":"","adv-header-id-meta":"","stick-header-meta":"","header-above-stick-meta":"","header-main-stick-meta":"","header-below-stick-meta":""},"categories":[766,838],"tags":[],"acf":[],"_links":{"self":[{"href":"https:\/\/www.cnbb.org.br\/cnbb-app\/wp\/v2\/posts\/21119"}],"collection":[{"href":"https:\/\/www.cnbb.org.br\/cnbb-app\/wp\/v2\/posts"}],"about":[{"href":"https:\/\/www.cnbb.org.br\/cnbb-app\/wp\/v2\/types\/post"}],"author":[{"embeddable":true,"href":"https:\/\/www.cnbb.org.br\/cnbb-app\/wp\/v2\/users\/83"}],"replies":[{"embeddable":true,"href":"https:\/\/www.cnbb.org.br\/cnbb-app\/wp\/v2\/comments?post=21119"}],"version-history":[{"count":0,"href":"https:\/\/www.cnbb.org.br\/cnbb-app\/wp\/v2\/posts\/21119\/revisions"}],"wp:featuredmedia":[{"embeddable":true,"href":"https:\/\/www.cnbb.org.br\/cnbb-app\/wp\/v2\/media\/21120"}],"wp:attachment":[{"href":"https:\/\/www.cnbb.org.br\/cnbb-app\/wp\/v2\/media?parent=21119"}],"wp:term":[{"taxonomy":"category","embeddable":true,"href":"https:\/\/www.cnbb.org.br\/cnbb-app\/wp\/v2\/categories?post=21119"},{"taxonomy":"post_tag","embeddable":true,"href":"https:\/\/www.cnbb.org.br\/cnbb-app\/wp\/v2\/tags?post=21119"}],"curies":[{"name":"wp","href":"https:\/\/api.w.org\/{rel}","templated":true}]}}