{"id":21129,"date":"2014-03-27T00:00:00","date_gmt":"2014-03-27T03:00:00","guid":{"rendered":"https:\/\/www.cnbb.org.br\/ultimo-dia-de-inscricao-para-o-simposio-vocacional\/"},"modified":"2014-03-27T00:00:00","modified_gmt":"2014-03-27T03:00:00","slug":"ultimo-dia-de-inscricao-para-o-simposio-vocacional","status":"publish","type":"post","link":"https:\/\/www.cnbb.org.br\/ultimo-dia-de-inscricao-para-o-simposio-vocacional\/","title":{"rendered":"\u00daltimos dias de inscri\u00e7\u00e3o para o Simp\u00f3sio Vocacional"},"content":{"rendered":"<p style=\"text-align: justify\">Encerram-se amanh\u00e3, 28, as inscri\u00e7\u00f5es para o Simp\u00f3sio Vocacional. Com o tema \u201cIde e anunciai! Voca\u00e7\u00f5es diversas para uma grande miss\u00e3o!\u201d, o evento, que ser\u00e1 realizado de 16 a 18 de maio, tem como objetivo incrementar a cultura vocacional na a\u00e7\u00e3o evangelizadora da Igreja no Brasil e avan\u00e7ar no discipulado mission\u00e1rio como legado batismal, na comunh\u00e3o e complementaridade de voca\u00e7\u00f5es e minist\u00e9rios na comunidade eclesial.<\/p>\n<p><!--more--><\/p>\n<p style=\"text-align: justify\"><span style=\"line-height: 1.3em\">O Simp\u00f3sio faz parte do 21\u00ba Plano Pastoral do Secretariado Geral da CNBB (Documento 95, p. 48) e est\u00e1 sendo assumido por todos os membros da Pastoral Vocacional\/Servi\u00e7o de Anima\u00e7\u00e3o Vocacional (PV\/SAV), do Instituto de Pastoral Vocacional (IPV), da Confer\u00eancia dos Religiosos do Brasil (CRB), da Comiss\u00e3o Nacional de Presb\u00edteros (CNP), da Comiss\u00e3o Nacional dos Di\u00e1conos (CND), da Organiza\u00e7\u00e3o dos Semin\u00e1rios e Institutos do Brasil (OSIB), da Confer\u00eancia Nacional dos Institutos Seculares (CNIS), do Conselho Nacional de Leigos e Leigas do Brasil (CNLB), do Setor Juventude, da Pastoral Familiar, da Catequese e do Movimento Serra.<\/span><\/p>\n<p style=\"text-align: justify\"><span style=\"line-height: 1.3em\">\u00c0 luz do Documento de Aparecida e em conformidade \u00e0s Diretrizes Gerais da A\u00e7\u00e3o Evangelizadora da Igreja no Brasil (DGAE 2011-2015) deseja-se fazer mem\u00f3ria de alguns acontecimentos vocacionais: em \u00e2mbito mundial, os 50 anos do Conc\u00edlio Vaticano II (1962-1965) e os 50 anos da institui\u00e7\u00e3o do Dia Mundial de Ora\u00e7\u00e3o pelas Voca\u00e7\u00f5es (1964); em \u00e2mbito continental, os dois Congressos Vocacionais da Am\u00e9rica Latina e Caribe (1994 e 2011);\u00a0 em \u00e2mbito nacional, os dois Anos Vocacionais (1983 e 2003) e os tr\u00eas Congressos Vocacionais (1999, 2005 e 2010).<\/span><\/p>\n<p style=\"text-align: justify\"><span style=\"line-height: 1.3em\">Em uma iniciativa in\u00e9dita, o Simp\u00f3sio se realizar\u00e1, de forma simult\u00e2nea, por meio de videoconfer\u00eancia, em cinco regi\u00f5es do pa\u00eds, que re\u00fanem os 18 regionais da CNBB. A regi\u00e3o Sul reunir\u00e1 quatro Regionais (S1, S2, S3 e S4); a regi\u00e3o Nordeste congregar\u00e1 cinco Regionais (NE1, NE2, NE3, NE4 e NE5); a regi\u00e3o Norte englobar\u00e1 tr\u00eas Regionais (N1, N2 e NO); a regi\u00e3o Centro-Oeste reunir\u00e1 quatro regionais (CO, N3, O1 e O2); e a regi\u00e3o Leste englobar\u00e1 dois regionais (L1 e L2).<\/span><\/p>\n<p style=\"text-align: justify\"><span style=\"line-height: 1.3em\">As inscri\u00e7\u00f5es encerram-se no dia 28 de mar\u00e7o e est\u00e3o sendo feitas pelo Servi\u00e7o de Anima\u00e7\u00e3o Vocacional de cada regional. Os interessados dever\u00e3o procurar os respons\u00e1veis pelas inscri\u00e7\u00f5es na sua pr\u00f3pria localidade. (Veja abaixo os contatos para informa\u00e7\u00f5es, por regi\u00e3o)<\/span><\/p>\n<p style=\"text-align: justify\"><span style=\"line-height: 1.3em\">Regi\u00e3o Sul (S\u00e3o Paulo, Paran\u00e1, Santa Catarina e Rio Grande do Sul): Respons\u00e1vel: Padre Marcelo Martendal &#8211; martendal.bnu@ibest.com.br<\/span><\/p>\n<p style=\"text-align: justify\"><span style=\"line-height: 1.3em\">Regi\u00e3o Leste (Minas Gerais, Esp\u00edrito Santo e Rio de Janeiro): Respons\u00e1vel: Padre Eliseu &#8211; pe.eliseu@gmail.com<\/span><\/p>\n<p style=\"text-align: justify\">Regi\u00e3o Norte (Amazonas, Rond\u00f4nia, Roraima, Acre, Amap\u00e1 e Par\u00e1): Respons\u00e1vel: Irm\u00e3 Let\u00edcia &#8211; pontinilet@yahoo.com.br<\/p>\n<p style=\"text-align: justify\">Regi\u00e3o Oeste (Distrito Federal, Mato Grosso, Mato Grosso do Sul, Goi\u00e1s e Tocantins): Respons\u00e1vel: Edna &#8211; ednalegal@ibest.com.br<\/p>\n<p style=\"text-align: justify\">Regi\u00e3o Nordeste: Bahia, Sergipe, Alagoas, Para\u00edba, Pernambuco, Rio Grande do Norte, Cear\u00e1, Piau\u00ed e Maranh\u00e3o &#8211; Respons\u00e1vel: Di\u00e1cono Jo\u00e3o Batista: jbnfilho@gmail.com<\/p>\n","protected":false},"excerpt":{"rendered":"<p>Encerram-se amanh\u00e3, 28, as inscri\u00e7\u00f5es para o Simp\u00f3sio Vocacional. Com o tema \u201cIde e anunciai! Voca\u00e7\u00f5es diversas para uma grande miss\u00e3o!\u201d, o evento, que ser\u00e1 realizado de 16 a 18 de maio, tem como objetivo incrementar a cultura vocacional na a\u00e7\u00e3o evangelizadora da Igreja no Brasil e avan\u00e7ar no discipulado mission\u00e1rio como legado batismal, na &hellip;<\/p>\n<p class=\"read-more\"> <a class=\"\" href=\"https:\/\/www.cnbb.org.br\/ultimo-dia-de-inscricao-para-o-simposio-vocacional\/\"> <span class=\"screen-reader-text\">\u00daltimos dias de inscri\u00e7\u00e3o para o Simp\u00f3sio Vocacional<\/span> Leia mais &raquo;<\/a><\/p>\n","protected":false},"author":83,"featured_media":21130,"comment_status":"open","ping_status":"open","sticky":false,"template":"","format":"standard","meta":{"site-sidebar-layout":"default","site-content-layout":"default","ast-global-header-display":"","ast-banner-title-visibility":"","ast-main-header-display":"","ast-hfb-above-header-display":"","ast-hfb-below-header-display":"","ast-hfb-mobile-header-display":"","site-post-title":"","ast-breadcrumbs-content":"","ast-featured-img":"","footer-sml-layout":"","theme-transparent-header-meta":"","adv-header-id-meta":"","stick-header-meta":"","header-above-stick-meta":"","header-main-stick-meta":"","header-below-stick-meta":""},"categories":[766,838],"tags":[],"acf":[],"_links":{"self":[{"href":"https:\/\/www.cnbb.org.br\/cnbb-app\/wp\/v2\/posts\/21129"}],"collection":[{"href":"https:\/\/www.cnbb.org.br\/cnbb-app\/wp\/v2\/posts"}],"about":[{"href":"https:\/\/www.cnbb.org.br\/cnbb-app\/wp\/v2\/types\/post"}],"author":[{"embeddable":true,"href":"https:\/\/www.cnbb.org.br\/cnbb-app\/wp\/v2\/users\/83"}],"replies":[{"embeddable":true,"href":"https:\/\/www.cnbb.org.br\/cnbb-app\/wp\/v2\/comments?post=21129"}],"version-history":[{"count":0,"href":"https:\/\/www.cnbb.org.br\/cnbb-app\/wp\/v2\/posts\/21129\/revisions"}],"wp:featuredmedia":[{"embeddable":true,"href":"https:\/\/www.cnbb.org.br\/cnbb-app\/wp\/v2\/media\/21130"}],"wp:attachment":[{"href":"https:\/\/www.cnbb.org.br\/cnbb-app\/wp\/v2\/media?parent=21129"}],"wp:term":[{"taxonomy":"category","embeddable":true,"href":"https:\/\/www.cnbb.org.br\/cnbb-app\/wp\/v2\/categories?post=21129"},{"taxonomy":"post_tag","embeddable":true,"href":"https:\/\/www.cnbb.org.br\/cnbb-app\/wp\/v2\/tags?post=21129"}],"curies":[{"name":"wp","href":"https:\/\/api.w.org\/{rel}","templated":true}]}}