{"id":21157,"date":"2008-12-26T00:00:00","date_gmt":"2008-12-26T02:00:00","guid":{"rendered":"https:\/\/www.cnbb.org.br\/secretario-da-cnbb-lamenta-morte-de-dom-olivio\/"},"modified":"2008-12-26T00:00:00","modified_gmt":"2008-12-26T02:00:00","slug":"secretario-da-cnbb-lamenta-morte-de-dom-olivio","status":"publish","type":"post","link":"https:\/\/www.cnbb.org.br\/secretario-da-cnbb-lamenta-morte-de-dom-olivio\/","title":{"rendered":"Secret\u00e1rio da CNBB lamenta morte de dom Ol\u00edvio"},"content":{"rendered":"<p style=\"text-align: justify\">O secret\u00e1rio geral da CNBB, dom Dimas Lara Barbosa, emitiu uma nota nesta sexta-feira, 26, em que lamenta a morte do bispo em\u00e9rito de Foz do Igua\u00e7u, dom Ol\u00edvio Aur\u00e9lio Fazza, ocorrida neste natal. Dom Ol\u00edvio era natural de Juiz de Fora (MG), tinha 83 anos e estava internado no hospital de Foz do Igua\u00e7u h\u00e1 mais de um m\u00eas. Ele foi bispo de Foz de Igua\u00e7u de 1978 a 2001, quando se tornou em\u00e9rito. Leia, abaixo, a integra da nota do secret\u00e1rio da CNBB. <\/p>\n<hr \/>\n<p>  <!--more-->  <\/p>\n<h2 style=\"text-align: center\">Nota pelo falecimento de Dom Ol\u00edvio Aur\u00e9lio Fazza, SDV<\/h2>\n<p style=\"text-align: right\"><em>\u201cEu sou a ressurrei\u00e7\u00e3o e a vida. Quem cr\u00ea em mim, ainda que tenha morrido, viver\u00e1\u201d (Jo 11,25)<\/em><\/p>\n<div style=\"text-align: justify\">\n<p>Com pesar, a Confer\u00eancia Nacional dos Bispos do Brasil recebeu a not\u00edcia do falecimento do bispo em\u00e9rito de Foz do Igua\u00e7u, no Estado do Paran\u00e1, dom Ol\u00edvio Aur\u00e9lio Fazza, SDV, ocorrido nesta quinta-feira, dia 25, quando comemoramos a festa do Natal do Senhor. Movidos pela f\u00e9 no Verbo Encarnado, somos convidados a elevar nossas preces a Deus em favor deste seu servo que fez de sua vida uma doa\u00e7\u00e3o total \u00e0 causa do Reino de Deus.<\/p>\n<\/p><\/div>\n<div style=\"text-align: justify\">\n<p>Ao longo de seus 53 anos de minist\u00e9rio ordenado, dos quais 30 como bispo, dom Ol\u00edvio deu testemunho de sua f\u00e9 na Ressurrei\u00e7\u00e3o do Senhor e anunciou, destemidamente, o nome de Jesus Cristo, \u00fanico Salvador. Agora, \u00e9 chamado a experimentar o gozo da alegria eterna, pr\u00eamio para aquele que cumpriu com fidelidade sua voca\u00e7\u00e3o de disc\u00edpulo-mission\u00e1rio de Jesus.<\/p>\n<p>Seja consolo para todos a certeza de que, \u201cem Cristo, todos ser\u00e3o vivificados\u201d (1Cor 15,22), e que dom Ol\u00edvio, \u201cservo bom e fiel\u201d (Mt 25,21), participar\u00e1 da alegria de seu Senhor pela obra que realizou.<\/p>\n<p style=\"text-align: right\">Bras\u00edlia, 26 de dezembro de 2008<\/p>\n<\/p><\/div>\n<p style=\"text-align: center\">Dom Dimas Lara Barbosa<br \/>Bispo Auxiliar do Rio de Janeiro<br \/>Secret\u00e1rio Geral da CNBB<\/p>\n","protected":false},"excerpt":{"rendered":"<p>O secret\u00e1rio geral da CNBB, dom Dimas Lara Barbosa, emitiu uma nota nesta sexta-feira, 26, em que lamenta a morte do bispo em\u00e9rito de Foz do Igua\u00e7u, dom Ol\u00edvio Aur\u00e9lio Fazza, ocorrida neste natal. Dom Ol\u00edvio era natural de Juiz de Fora (MG), tinha 83 anos e estava internado no hospital de Foz do Igua\u00e7u &hellip;<\/p>\n<p class=\"read-more\"> <a class=\"\" href=\"https:\/\/www.cnbb.org.br\/secretario-da-cnbb-lamenta-morte-de-dom-olivio\/\"> <span class=\"screen-reader-text\">Secret\u00e1rio da CNBB lamenta morte de dom Ol\u00edvio<\/span> Leia mais &raquo;<\/a><\/p>\n","protected":false},"author":83,"featured_media":0,"comment_status":"open","ping_status":"open","sticky":false,"template":"","format":"standard","meta":{"site-sidebar-layout":"default","site-content-layout":"default","ast-global-header-display":"","ast-banner-title-visibility":"","ast-main-header-display":"","ast-hfb-above-header-display":"","ast-hfb-below-header-display":"","ast-hfb-mobile-header-display":"","site-post-title":"","ast-breadcrumbs-content":"","ast-featured-img":"","footer-sml-layout":"","theme-transparent-header-meta":"","adv-header-id-meta":"","stick-header-meta":"","header-above-stick-meta":"","header-main-stick-meta":"","header-below-stick-meta":""},"categories":[797],"tags":[],"acf":[],"_links":{"self":[{"href":"https:\/\/www.cnbb.org.br\/cnbb-app\/wp\/v2\/posts\/21157"}],"collection":[{"href":"https:\/\/www.cnbb.org.br\/cnbb-app\/wp\/v2\/posts"}],"about":[{"href":"https:\/\/www.cnbb.org.br\/cnbb-app\/wp\/v2\/types\/post"}],"author":[{"embeddable":true,"href":"https:\/\/www.cnbb.org.br\/cnbb-app\/wp\/v2\/users\/83"}],"replies":[{"embeddable":true,"href":"https:\/\/www.cnbb.org.br\/cnbb-app\/wp\/v2\/comments?post=21157"}],"version-history":[{"count":0,"href":"https:\/\/www.cnbb.org.br\/cnbb-app\/wp\/v2\/posts\/21157\/revisions"}],"wp:attachment":[{"href":"https:\/\/www.cnbb.org.br\/cnbb-app\/wp\/v2\/media?parent=21157"}],"wp:term":[{"taxonomy":"category","embeddable":true,"href":"https:\/\/www.cnbb.org.br\/cnbb-app\/wp\/v2\/categories?post=21157"},{"taxonomy":"post_tag","embeddable":true,"href":"https:\/\/www.cnbb.org.br\/cnbb-app\/wp\/v2\/tags?post=21157"}],"curies":[{"name":"wp","href":"https:\/\/api.w.org\/{rel}","templated":true}]}}