{"id":21160,"date":"2009-04-22T00:00:00","date_gmt":"2009-04-22T03:00:00","guid":{"rendered":"https:\/\/www.cnbb.org.br\/dom-sergio-da-rocha-destaca-as-cinco-dimensoes-da-formacao-dos-padres\/"},"modified":"2009-04-22T00:00:00","modified_gmt":"2009-04-22T03:00:00","slug":"dom-sergio-da-rocha-destaca-as-cinco-dimensoes-da-formacao-dos-padres","status":"publish","type":"post","link":"https:\/\/www.cnbb.org.br\/dom-sergio-da-rocha-destaca-as-cinco-dimensoes-da-formacao-dos-padres\/","title":{"rendered":"Dom S\u00e9rgio da Rocha destaca as cinco dimens\u00f5es da forma\u00e7\u00e3o dos padres"},"content":{"rendered":"<p style=\"text-align: justify\">Na primeira coletiva de imprensa realizada na 47\u00aa edi\u00e7\u00e3o da Assembleia Geral dos Bispos do Brasil, que acontece em Itaici, munic\u00edpio de Indaiatuba (SP), participaram da mesa, o cardeal arcebispo de Salvador (BA), dom Geraldo Majella Agnelo; o arcebispo de Teresina (PI) e presidente da Comiss\u00e3o de reda\u00e7\u00e3o do tema central, dom S\u00e9rgio da Rocha; e o bispo de Jales (SP), dom Luiz Dem\u00e9trio Valentini, al\u00e9m do porta-voz da Assembleia, dom Orani Jo\u00e3o Tempesta.<\/p>\n<p>  <!--more-->  <\/p>\n<p style=\"text-align: justify\">\u201cO documento que iremos aprovar deve contemplar, maneira integrada, as cinco dimens\u00f5es da forma\u00e7\u00e3o dos padres\u201d, adiantou o arcebispo. Segundo dom S\u00e9rgio, \u201cas dimens\u00f5es humano-afetiva; comunit\u00e1ria [presen\u00e7a do padre na sociedade]; espiritual, intelectual e pastoral [evangeliza\u00e7\u00e3o]; devem ser trabalhadas em conjunto para que o padre possa desenvolver um trabalho de acordo com as necessidades da sociedade atual\u201d, afirmou. \u201cFalar da dimens\u00e3o humano-afetiva requer observar a dimens\u00e3o comunit\u00e1ria, pois o padre vive numa realidade, que mexe com os seus sentimentos. Da mesma forma, falar da dimens\u00e3o espiritual requer observar que ela tem uma liga\u00e7\u00e3o direta com a dimens\u00e3o pastoral\u201d, acrescentou.<\/p>\n<p style=\"text-align: justify\"><img decoding=\"async\" loading=\"lazy\" class=\" alignright size-full wp-image-2110\" style=\"float: right\" src=\"https:\/\/www.cnbb.org.br\/wp-content\/uploads\/2020\/03\/img49ef8573859f6.jpg\" width=\"345\" height=\"231\" \/>Dom S\u00e9rgio ainda explicou a integra\u00e7\u00e3o da forma\u00e7\u00e3o do presb\u00edtero com os temas priorit\u00e1rios que ser\u00e3o discutidos durante a Assembleia \u201cO Brasil na Miss\u00e3o Continental\u201d e \u201cInicia\u00e7\u00e3o \u00e0 Vida Crist\u00e3. \u201c\u00c9 importante deixar claro que, nos pr\u00f3ximos dias, o episcopado, de maneira colegiada, vai trabalhar na\u00a0 e hoje organiza\u00e7\u00e3o do novo documento, mas \u00e9 claro que entre os seus desdobramentos ser\u00e1 priorizada a figura do padre disc\u00edpulo e mission\u00e1rio, aquele que vai ao encontro das pessoas, que sai da Igreja e vai \u00e0s comunidades, conforme as propostas do Documento de Aparecida (DAp) e das Diretrizes Gerais da A\u00e7\u00e3o Evangelizadora da Igreja no Brasil (DGAE)\u201d, sublinhou dom S\u00e9rgio, que completou: \u201cJ\u00e1 a inicia\u00e7\u00e3o \u00e0 vida crist\u00e3 \u00e9 outro aporte da forma\u00e7\u00e3o do padre: em 2004 reunidos em Assembleia, os bispos do Brasil aprovaram o Documento \u201cVida e Minist\u00e9rios\u201d, que tem como um de seus desdobramentos a liga\u00e7\u00e3o do padre com a inicia\u00e7\u00e3o \u00e0 vida crist\u00e3. Acredito ser fundamental essa liga\u00e7\u00e3o, porque n\u00e3o isola as v\u00e1rias maneiras de evangelizar a partir da pr\u00f3pria experi\u00eancia catequ\u00e9tica do sacerdote\u201d.<\/p>\n<h4 style=\"text-align: justify\">Imigra\u00e7\u00e3o<\/h4>\n<p style=\"text-align: justify\">Questionado pela imprensa, dom S\u00e9rgio falou da poss\u00edvel contempla\u00e7\u00e3o da tem\u00e1tica \u201cImigra\u00e7\u00e3o\u201d no novo texto sobre a forma\u00e7\u00e3o dos padres, mas ressaltou que o documento n\u00e3o ir\u00e1 abordar todas as tem\u00e1ticas necess\u00e1rias a essa forma\u00e7\u00e3o, porque n\u00e3o se trata de um documento \u201ct\u00e3o amplo\u201d. Imigra\u00e7\u00e3o, por exemplo, explicou dom S\u00e9rgio, \u201c\u00e9 um tema de grande import\u00e2ncia, pois h\u00e1 muitos vocacionados imigrantes e temos de considerar o contexto das migra\u00e7\u00f5es porque o padre deve se colocar a servi\u00e7o dessa realidade. \u00c9 importante que os pr\u00f3prios padres sejam sens\u00edveis e solid\u00e1rios neste \u00e2mbito de migra\u00e7\u00f5es t\u00e3o presente no Brasil\u201d.<\/p>\n","protected":false},"excerpt":{"rendered":"<p>Na primeira coletiva de imprensa realizada na 47\u00aa edi\u00e7\u00e3o da Assembleia Geral dos Bispos do Brasil, que acontece em Itaici, munic\u00edpio de Indaiatuba (SP), participaram da mesa, o cardeal arcebispo de Salvador (BA), dom Geraldo Majella Agnelo; o arcebispo de Teresina (PI) e presidente da Comiss\u00e3o de reda\u00e7\u00e3o do tema central, dom S\u00e9rgio da Rocha; &hellip;<\/p>\n<p class=\"read-more\"> <a class=\"\" href=\"https:\/\/www.cnbb.org.br\/dom-sergio-da-rocha-destaca-as-cinco-dimensoes-da-formacao-dos-padres\/\"> <span class=\"screen-reader-text\">Dom S\u00e9rgio da Rocha destaca as cinco dimens\u00f5es da forma\u00e7\u00e3o dos padres<\/span> Leia mais &raquo;<\/a><\/p>\n","protected":false},"author":83,"featured_media":21161,"comment_status":"open","ping_status":"open","sticky":false,"template":"","format":"standard","meta":{"site-sidebar-layout":"default","site-content-layout":"default","ast-global-header-display":"","ast-banner-title-visibility":"","ast-main-header-display":"","ast-hfb-above-header-display":"","ast-hfb-below-header-display":"","ast-hfb-mobile-header-display":"","site-post-title":"","ast-breadcrumbs-content":"","ast-featured-img":"","footer-sml-layout":"","theme-transparent-header-meta":"","adv-header-id-meta":"","stick-header-meta":"","header-above-stick-meta":"","header-main-stick-meta":"","header-below-stick-meta":""},"categories":[797],"tags":[],"acf":[],"_links":{"self":[{"href":"https:\/\/www.cnbb.org.br\/cnbb-app\/wp\/v2\/posts\/21160"}],"collection":[{"href":"https:\/\/www.cnbb.org.br\/cnbb-app\/wp\/v2\/posts"}],"about":[{"href":"https:\/\/www.cnbb.org.br\/cnbb-app\/wp\/v2\/types\/post"}],"author":[{"embeddable":true,"href":"https:\/\/www.cnbb.org.br\/cnbb-app\/wp\/v2\/users\/83"}],"replies":[{"embeddable":true,"href":"https:\/\/www.cnbb.org.br\/cnbb-app\/wp\/v2\/comments?post=21160"}],"version-history":[{"count":0,"href":"https:\/\/www.cnbb.org.br\/cnbb-app\/wp\/v2\/posts\/21160\/revisions"}],"wp:featuredmedia":[{"embeddable":true,"href":"https:\/\/www.cnbb.org.br\/cnbb-app\/wp\/v2\/media\/21161"}],"wp:attachment":[{"href":"https:\/\/www.cnbb.org.br\/cnbb-app\/wp\/v2\/media?parent=21160"}],"wp:term":[{"taxonomy":"category","embeddable":true,"href":"https:\/\/www.cnbb.org.br\/cnbb-app\/wp\/v2\/categories?post=21160"},{"taxonomy":"post_tag","embeddable":true,"href":"https:\/\/www.cnbb.org.br\/cnbb-app\/wp\/v2\/tags?post=21160"}],"curies":[{"name":"wp","href":"https:\/\/api.w.org\/{rel}","templated":true}]}}