{"id":21186,"date":"2010-11-01T00:00:00","date_gmt":"2010-11-01T02:00:00","guid":{"rendered":"https:\/\/www.cnbb.org.br\/finados-dia-de-nos-lembrados-dos-que-estao-na-presenca-de-deus-diz-secretario-da-cnbb\/"},"modified":"2010-11-01T00:00:00","modified_gmt":"2010-11-01T02:00:00","slug":"finados-dia-de-nos-lembrados-dos-que-estao-na-presenca-de-deus-diz-secretario-da-cnbb","status":"publish","type":"post","link":"https:\/\/www.cnbb.org.br\/finados-dia-de-nos-lembrados-dos-que-estao-na-presenca-de-deus-diz-secretario-da-cnbb\/","title":{"rendered":"Finados: \u201cDia em que nos lembramos dos que est\u00e3o na presen\u00e7a de Deus\u201d, diz secret\u00e1rio da CNBB"},"content":{"rendered":"<p style=\"text-align: justify\">Em todo o mundo, amanh\u00e3, 2, a Igreja Cat\u00f3lica celebra o Dia de Finados. Neste dia, missas s\u00e3o celebradas em cemit\u00e9rios e nas par\u00f3quias, especialmente, na inten\u00e7\u00e3o dos falecidos. Em Roma, como de costume, na quinta-feira, 4, o papa Bento XVI celebra uma missa por todos os cardeais e bispos falecidos durante o ano.<\/p>\n<p>  <!--more-->  <\/p>\n<p style=\"text-align: justify\">\u201cParticipar desta celebra\u00e7\u00e3o \u00e9 um ato de gratid\u00e3o, caridade e uma conseq\u00fc\u00eancia da f\u00e9. Este \u00e9 um dia em que n\u00f3s nos lembramos daqueles que est\u00e3o na presen\u00e7a de Deus. Para n\u00f3s, que temos f\u00e9, a morte n\u00e3o tem a palavra final. A palavra final pertence \u00e0 vida, porque o Senhor ressuscitou\u201d, disse o secret\u00e1rio geral da CNBB, dom Dimas Lara Barbosa.<\/p>\n<p style=\"text-align: justify\">Aos que visitam o cemit\u00e9rio e rezam pelos mortos, a Igreja concede indulg\u00eancia plen\u00e1ria. \u201cUma vez que os fi\u00e9is defuntos, em vias de purifica\u00e7\u00e3o, tamb\u00e9m s\u00e3o membros da mesma comunh\u00e3o dos santos, n\u00f3s podemos ajud\u00e1-los, entre outros modos, obtendo para eles indulg\u00eancias, de modo que sejam libertos das penas temporais devidas por seus pecados\u201d, recorda o Catecismo da Igreja Cat\u00f3lica.<\/p>\n<p style=\"text-align: justify\">\u201cDa mesma maneira que os familiares costumam, em datas especiais, lembrar e orar pelos seus mortos, a Igreja, que acredita na comunh\u00e3o dos santos, n\u00e3o se esgota na realidade daqueles que caminham neste mundo, mas se estende aqueles que est\u00e3o na casa do Pai. O corpo de Cristo \u00e9 a Igreja, n\u00e3o somente constitu\u00edda da Igreja militante, que s\u00e3o os que caminham, mas tamb\u00e9m da Igreja Triunfante, que insere os que est\u00e3o no c\u00e9u, e da Igreja padecente, que se constitui dos que ainda aguardam a manifesta\u00e7\u00e3o gloriosa do Senhor\u201d, explicou dom Dimas.<\/p>\n<p style=\"text-align: justify\">No dia dos mortos a liturgia indica o uso de paramentos de cor preta ou roxa e pede sobriedade na ornamenta\u00e7\u00e3o e nos cantos.<\/p>\n","protected":false},"excerpt":{"rendered":"<p>Em todo o mundo, amanh\u00e3, 2, a Igreja Cat\u00f3lica celebra o Dia de Finados. Neste dia, missas s\u00e3o celebradas em cemit\u00e9rios e nas par\u00f3quias, especialmente, na inten\u00e7\u00e3o dos falecidos. Em Roma, como de costume, na quinta-feira, 4, o papa Bento XVI celebra uma missa por todos os cardeais e bispos falecidos durante o ano.<\/p>\n","protected":false},"author":83,"featured_media":21187,"comment_status":"open","ping_status":"open","sticky":false,"template":"","format":"standard","meta":{"site-sidebar-layout":"default","site-content-layout":"default","ast-global-header-display":"","ast-banner-title-visibility":"","ast-main-header-display":"","ast-hfb-above-header-display":"","ast-hfb-below-header-display":"","ast-hfb-mobile-header-display":"","site-post-title":"","ast-breadcrumbs-content":"","ast-featured-img":"","footer-sml-layout":"","theme-transparent-header-meta":"","adv-header-id-meta":"","stick-header-meta":"","header-above-stick-meta":"","header-main-stick-meta":"","header-below-stick-meta":""},"categories":[797],"tags":[],"acf":[],"_links":{"self":[{"href":"https:\/\/www.cnbb.org.br\/cnbb-app\/wp\/v2\/posts\/21186"}],"collection":[{"href":"https:\/\/www.cnbb.org.br\/cnbb-app\/wp\/v2\/posts"}],"about":[{"href":"https:\/\/www.cnbb.org.br\/cnbb-app\/wp\/v2\/types\/post"}],"author":[{"embeddable":true,"href":"https:\/\/www.cnbb.org.br\/cnbb-app\/wp\/v2\/users\/83"}],"replies":[{"embeddable":true,"href":"https:\/\/www.cnbb.org.br\/cnbb-app\/wp\/v2\/comments?post=21186"}],"version-history":[{"count":0,"href":"https:\/\/www.cnbb.org.br\/cnbb-app\/wp\/v2\/posts\/21186\/revisions"}],"wp:featuredmedia":[{"embeddable":true,"href":"https:\/\/www.cnbb.org.br\/cnbb-app\/wp\/v2\/media\/21187"}],"wp:attachment":[{"href":"https:\/\/www.cnbb.org.br\/cnbb-app\/wp\/v2\/media?parent=21186"}],"wp:term":[{"taxonomy":"category","embeddable":true,"href":"https:\/\/www.cnbb.org.br\/cnbb-app\/wp\/v2\/categories?post=21186"},{"taxonomy":"post_tag","embeddable":true,"href":"https:\/\/www.cnbb.org.br\/cnbb-app\/wp\/v2\/tags?post=21186"}],"curies":[{"name":"wp","href":"https:\/\/api.w.org\/{rel}","templated":true}]}}