{"id":21235,"date":"2012-06-18T00:00:00","date_gmt":"2012-06-18T03:00:00","guid":{"rendered":"https:\/\/www.cnbb.org.br\/dom-leonardo-lembra-que-ha-tempos-a-igreja-debate-a-questao-ambiental\/"},"modified":"2012-06-18T00:00:00","modified_gmt":"2012-06-18T03:00:00","slug":"dom-leonardo-lembra-que-ha-tempos-a-igreja-debate-a-questao-ambiental","status":"publish","type":"post","link":"https:\/\/www.cnbb.org.br\/dom-leonardo-lembra-que-ha-tempos-a-igreja-debate-a-questao-ambiental\/","title":{"rendered":"Dom Leonardo lembra que h\u00e1 tempos a Igreja debate a quest\u00e3o ambiental"},"content":{"rendered":"<p style=\"text-align: justify\">\u201cO Reino de Deus \u00e9 como um gr\u00e3o de mostarda que, ao ser semeado na terra, \u00e9 a menor de todas as sementes da terra. Quando \u00e9 semeado, cresce e se torna maior do que todas as hortali\u00e7as, e estende ramos t\u00e3o grandes, que os p\u00e1ssaros do c\u00e9u podem abrigar-se \u00e0 sua sombra.\u201d (Mt 4, 31)<\/p>\n<p>  <!--more-->  <\/p>\n<p style=\"text-align: justify\">Foi com estas palavras do Evangelho que a arquidiocese do Rio de Janeiro, em conjunto com a Rede C\u00e1ritas e parceiros, promoveu na manh\u00e3 deste domingo, dia 17, uma missa especial para a C\u00fapula dos Povos e Rio+20.<\/p>\n<p style=\"text-align: justify\">Presidida pelo arcebispo do Rio de Janeiro, dom Orani Jo\u00e3o Tempesta, a Celebra\u00e7\u00e3o Eucar\u00edstica ressaltou a orienta\u00e7\u00e3o deixada pelo Documento de Aparecida: \u201cDevemos procurar um modelo de desenvolvimento alternativo, integral e solid\u00e1rio baseado no agir \u00e9tico que inclua a responsabilidade por uma aut\u00eantica ecologia natural e humana, que se fundamente no evangelho da justi\u00e7a, da solidariedade e do destino universal dos bens, e que supere a l\u00f3gica utilitarista, individualista e consumista\u201d.<\/p>\n<p style=\"text-align: justify\">Ao final da celebra\u00e7\u00e3o, dom Leonardo Steiner, secret\u00e1rio geral da Confer\u00eancia Nacional dos Bispos do Brasil (CNBB), comentou que h\u00e1 muito tempo a Confer\u00eancia discute a tem\u00e1tica do meio ambiente com a sociedade na perspectiva da fraternidade. \u201cSe n\u00e3o estabelecermos novas rela\u00e7\u00f5es com a natureza colocamos em risco n\u00f3s mesmos, seres humanos, pois somos parte da cria\u00e7\u00e3o. N\u00f3s, crist\u00e3os, somos tocados pela Palavra, temos a confian\u00e7a e vivemos na esperan\u00e7a que o pequeno gr\u00e3o de mostarda se transforme em sa\u00fade, moradia, dignidade. \u00c9 fundamental que a Rio+20 discuta a rela\u00e7\u00e3o com a natureza e que n\u00e3o trate a economia verde apenas em aspectos econ\u00f4micos\u201d.<\/p>\n","protected":false},"excerpt":{"rendered":"<p>\u201cO Reino de Deus \u00e9 como um gr\u00e3o de mostarda que, ao ser semeado na terra, \u00e9 a menor de todas as sementes da terra. Quando \u00e9 semeado, cresce e se torna maior do que todas as hortali\u00e7as, e estende ramos t\u00e3o grandes, que os p\u00e1ssaros do c\u00e9u podem abrigar-se \u00e0 sua sombra.\u201d (Mt 4, &hellip;<\/p>\n<p class=\"read-more\"> <a class=\"\" href=\"https:\/\/www.cnbb.org.br\/dom-leonardo-lembra-que-ha-tempos-a-igreja-debate-a-questao-ambiental\/\"> <span class=\"screen-reader-text\">Dom Leonardo lembra que h\u00e1 tempos a Igreja debate a quest\u00e3o ambiental<\/span> Leia mais &raquo;<\/a><\/p>\n","protected":false},"author":83,"featured_media":21236,"comment_status":"open","ping_status":"open","sticky":false,"template":"","format":"standard","meta":{"site-sidebar-layout":"default","site-content-layout":"default","ast-global-header-display":"","ast-banner-title-visibility":"","ast-main-header-display":"","ast-hfb-above-header-display":"","ast-hfb-below-header-display":"","ast-hfb-mobile-header-display":"","site-post-title":"","ast-breadcrumbs-content":"","ast-featured-img":"","footer-sml-layout":"","theme-transparent-header-meta":"","adv-header-id-meta":"","stick-header-meta":"","header-above-stick-meta":"","header-main-stick-meta":"","header-below-stick-meta":""},"categories":[797],"tags":[],"acf":[],"_links":{"self":[{"href":"https:\/\/www.cnbb.org.br\/cnbb-app\/wp\/v2\/posts\/21235"}],"collection":[{"href":"https:\/\/www.cnbb.org.br\/cnbb-app\/wp\/v2\/posts"}],"about":[{"href":"https:\/\/www.cnbb.org.br\/cnbb-app\/wp\/v2\/types\/post"}],"author":[{"embeddable":true,"href":"https:\/\/www.cnbb.org.br\/cnbb-app\/wp\/v2\/users\/83"}],"replies":[{"embeddable":true,"href":"https:\/\/www.cnbb.org.br\/cnbb-app\/wp\/v2\/comments?post=21235"}],"version-history":[{"count":0,"href":"https:\/\/www.cnbb.org.br\/cnbb-app\/wp\/v2\/posts\/21235\/revisions"}],"wp:featuredmedia":[{"embeddable":true,"href":"https:\/\/www.cnbb.org.br\/cnbb-app\/wp\/v2\/media\/21236"}],"wp:attachment":[{"href":"https:\/\/www.cnbb.org.br\/cnbb-app\/wp\/v2\/media?parent=21235"}],"wp:term":[{"taxonomy":"category","embeddable":true,"href":"https:\/\/www.cnbb.org.br\/cnbb-app\/wp\/v2\/categories?post=21235"},{"taxonomy":"post_tag","embeddable":true,"href":"https:\/\/www.cnbb.org.br\/cnbb-app\/wp\/v2\/tags?post=21235"}],"curies":[{"name":"wp","href":"https:\/\/api.w.org\/{rel}","templated":true}]}}