{"id":21237,"date":"2012-06-26T00:00:00","date_gmt":"2012-06-26T03:00:00","guid":{"rendered":"https:\/\/www.cnbb.org.br\/secretario-geral-da-cnbb-celebra-a-missa-de-encerramento-da-semana-do-migrante\/"},"modified":"2012-06-26T00:00:00","modified_gmt":"2012-06-26T03:00:00","slug":"secretario-geral-da-cnbb-celebra-a-missa-de-encerramento-da-semana-do-migrante","status":"publish","type":"post","link":"https:\/\/www.cnbb.org.br\/secretario-geral-da-cnbb-celebra-a-missa-de-encerramento-da-semana-do-migrante\/","title":{"rendered":"Secret\u00e1rio Geral da CNBB celebra a missa de encerramento da Semana do Migrante"},"content":{"rendered":"<p style=\"text-align: justify\">V\u00e1rias atividades marcaram a celebra\u00e7\u00e3o da Semana do Migrante e o Dia Mundial do Refugiado, em Bras\u00edlia (DF). Uma parte foi composta de atividades de lazer e integra\u00e7\u00e3o social, como, por exemplo, o passeio cicl\u00edstico na cidade de Bras\u00edlia, do qual participou o bloco dos refugiados, ganhando inclusive as bicicletas. Outra parte da celebra\u00e7\u00e3o foi o Semin\u00e1rio \u201cMigra\u00e7\u00f5es: a Pastoral do Migrante frente aos apelos da Igreja\u201d, realizado dia 16 de junho, promovido pela Pastoral do Migrante da arquidiocese de Bras\u00edlia, em parceria com o Instituto Migra\u00e7\u00f5es e Direitos Humanos e o Centro Scalabriniano de Estudos Migrat\u00f3rios, contando com o apoio da C\u00e1ritas Arquidiocesana de Bras\u00edlia. Esta atividade marcou a abertura da celebra\u00e7\u00e3o do Dia Mundial do Refugiado e da Semana Nacional do Migrante, cujo tema \u00e9 \u201cMigra\u00e7\u00e3o e Sa\u00fade\u201d e o lema \u201cConquistar direitos \u00e9 defender a vida\u201d.<\/p>\n<p>  <!--more-->  <\/p>\n<p style=\"text-align: justify\">Estiveram reunidos agentes da pastoral, pastorais sociais e parceiros na causa das migra\u00e7\u00f5es, para refletirem o fen\u00f4meno das migra\u00e7\u00f5es no Distrito Federal, bem como a quest\u00e3o dos refugiados e a aten\u00e7\u00e3o aos haitianos que buscam em nosso Pa\u00eds oportunidades de reconstruir sua vida.<\/p>\n<p style=\"text-align: justify\">O Semin\u00e1rio contou com a presen\u00e7a do arcebispo de Bras\u00edlia, dom S\u00e9rgio da Rocha, que fez a abertura, sublinhando a import\u00e2ncia de acolher o migrante em nossas comunidades, sermos solid\u00e1rios e testemunhas do amor de Cristo para com eles.<\/p>\n<p style=\"text-align: justify\">\u201cA reflex\u00e3o sobre o fen\u00f4meno das migra\u00e7\u00f5es enfocou o rosto da migra\u00e7\u00e3o do DF e, sobretudo, qual \u00e9 a miss\u00e3o da Pastoral do Migrante frente a todos os apelos das diversas faces da migra\u00e7\u00e3o e dos refugiados.\u00a0 A miss\u00e3o da Pastoral \u00e9 ser presen\u00e7a solid\u00e1ria e compassiva na vida de cada migrante, de cada refugiado e refugiada. Outro aspecto em destaque foi a particularidade do migrante haitiano, como um novo rosto que est\u00e1 marcando presen\u00e7a em Bras\u00edlia. O desafio para a Pastoral do Migrante em Bras\u00edlia \u00e9 descobrir novas formas e modos concretos de atua\u00e7\u00e3o junto a estes que o Senhor nos confiou\u201d, disse a coordenadora da Pastoral do Migrante de Bras\u00edlia, irm\u00e3 Rosita Milesi.<\/p>\n<p style=\"text-align: justify\">Encerrando a semana, no dia 24 de junho, dom Leonardo Steiner, secret\u00e1rio geral da CNBB e bispo auxiliar de Bras\u00edlia, presidiu a missa na par\u00f3quia Nossa Senhora M\u00e3e dos Migrantes, no Lago Oeste, Bras\u00edlia (DF).<\/p>\n<p style=\"text-align: justify\">Em sua homilia, dom Leonardo aprofundou a reflex\u00e3o em torno do constante movimento migrat\u00f3rio de pessoas, tanto interno quanto internacional, e a import\u00e2ncia de se defender sempre os direitos destas pessoas que muitas vezes migram por uma necessidade premente de tratamento de sa\u00fade, em busca de trabalho ou mesmo for\u00e7adas devido a quest\u00f5es ambientais, desastres naturais ou viol\u00eancia.<\/p>\n<p style=\"text-align: justify\">Padre Virgilio Leite Uchoa, p\u00e1roco da par\u00f3quia Nossa Senhor M\u00e3e dos Migrantes, agradeceu a visita de dom Leonardo e a presen\u00e7a de representantes de v\u00e1rias outras par\u00f3quias, al\u00e9m de diversas capelas e comunidades. Padre Virg\u00edlio disse que a Pastoral do Migrante tem um importante e valioso papel a cumprir em sua miss\u00e3o, na defesa dos pequenos, dos humildes, dos pobres, aqueles e aquelas que, com especial carinho, a M\u00e3e dos Migrantes protege e aben\u00e7oa como o demonstra a imagem, esculpida pelos Monges Beneditinos.<\/p>\n","protected":false},"excerpt":{"rendered":"<p>V\u00e1rias atividades marcaram a celebra\u00e7\u00e3o da Semana do Migrante e o Dia Mundial do Refugiado, em Bras\u00edlia (DF). Uma parte foi composta de atividades de lazer e integra\u00e7\u00e3o social, como, por exemplo, o passeio cicl\u00edstico na cidade de Bras\u00edlia, do qual participou o bloco dos refugiados, ganhando inclusive as bicicletas. Outra parte da celebra\u00e7\u00e3o foi &hellip;<\/p>\n<p class=\"read-more\"> <a class=\"\" href=\"https:\/\/www.cnbb.org.br\/secretario-geral-da-cnbb-celebra-a-missa-de-encerramento-da-semana-do-migrante\/\"> <span class=\"screen-reader-text\">Secret\u00e1rio Geral da CNBB celebra a missa de encerramento da Semana do Migrante<\/span> Leia mais &raquo;<\/a><\/p>\n","protected":false},"author":83,"featured_media":21238,"comment_status":"open","ping_status":"open","sticky":false,"template":"","format":"standard","meta":{"site-sidebar-layout":"default","site-content-layout":"default","ast-global-header-display":"","ast-banner-title-visibility":"","ast-main-header-display":"","ast-hfb-above-header-display":"","ast-hfb-below-header-display":"","ast-hfb-mobile-header-display":"","site-post-title":"","ast-breadcrumbs-content":"","ast-featured-img":"","footer-sml-layout":"","theme-transparent-header-meta":"","adv-header-id-meta":"","stick-header-meta":"","header-above-stick-meta":"","header-main-stick-meta":"","header-below-stick-meta":""},"categories":[797],"tags":[],"acf":[],"_links":{"self":[{"href":"https:\/\/www.cnbb.org.br\/cnbb-app\/wp\/v2\/posts\/21237"}],"collection":[{"href":"https:\/\/www.cnbb.org.br\/cnbb-app\/wp\/v2\/posts"}],"about":[{"href":"https:\/\/www.cnbb.org.br\/cnbb-app\/wp\/v2\/types\/post"}],"author":[{"embeddable":true,"href":"https:\/\/www.cnbb.org.br\/cnbb-app\/wp\/v2\/users\/83"}],"replies":[{"embeddable":true,"href":"https:\/\/www.cnbb.org.br\/cnbb-app\/wp\/v2\/comments?post=21237"}],"version-history":[{"count":0,"href":"https:\/\/www.cnbb.org.br\/cnbb-app\/wp\/v2\/posts\/21237\/revisions"}],"wp:featuredmedia":[{"embeddable":true,"href":"https:\/\/www.cnbb.org.br\/cnbb-app\/wp\/v2\/media\/21238"}],"wp:attachment":[{"href":"https:\/\/www.cnbb.org.br\/cnbb-app\/wp\/v2\/media?parent=21237"}],"wp:term":[{"taxonomy":"category","embeddable":true,"href":"https:\/\/www.cnbb.org.br\/cnbb-app\/wp\/v2\/categories?post=21237"},{"taxonomy":"post_tag","embeddable":true,"href":"https:\/\/www.cnbb.org.br\/cnbb-app\/wp\/v2\/tags?post=21237"}],"curies":[{"name":"wp","href":"https:\/\/api.w.org\/{rel}","templated":true}]}}