{"id":21240,"date":"2012-09-28T00:00:00","date_gmt":"2012-09-28T03:00:00","guid":{"rendered":"https:\/\/www.cnbb.org.br\/o-uso-da-imagem-de-jesus-foi-inadequado-e-inapropriado-por-parte-da-revista-afirma-dom-leonardo\/"},"modified":"2012-09-28T00:00:00","modified_gmt":"2012-09-28T03:00:00","slug":"o-uso-da-imagem-de-jesus-foi-inadequado-e-inapropriado-por-parte-da-revista-afirma-dom-leonardo","status":"publish","type":"post","link":"https:\/\/www.cnbb.org.br\/o-uso-da-imagem-de-jesus-foi-inadequado-e-inapropriado-por-parte-da-revista-afirma-dom-leonardo\/","title":{"rendered":"\u201cO uso da imagem de Jesus foi inadequado e inapropriado por parte da revista\u201d, afirma dom Leonardo"},"content":{"rendered":"<p style=\"text-align: justify\">Na tarde de hoje, 28 de setembro, o secret\u00e1rio geral da Confer\u00eancia Nacional dos Bispos do Brasil (CNBB), dom Leonardo Ulrich Steiner, concedeu uma entrevista, na sede da Confer\u00eancia, em Bras\u00edlia (DF), na qual repudiou a publica\u00e7\u00e3o de revista esportiva em que faz alus\u00e3o \u00e0 imagem de Jesus Cristo crucificado. Na fotomontagem da capa da revista, um jogador aparece como Jesus na cruz.<\/p>\n<p>  <!--more-->  <\/p>\n<p style=\"text-align: justify\">Para o secret\u00e1rio geral da CNBB a revista agiu de maneira inadequada e inapropriada. \u201cHouve um uso inadequado da imagem da pessoa de Jesus Cristo. Certamente muitos crist\u00e3os se sentiram ofendidos, mas n\u00f3s temos que dizer que foi um uso inadequado, inapropriado da pessoa de Jesus, que para os crist\u00e3os \u00e9 uma pessoa decisiva, \u00e9 o fundamento da vida dos crist\u00e3os, por isso acho que \u00e9 uma ofensa. Depois o Ocidente todo est\u00e1 marcado por Jesus Cristo crucificado, por isso usar uma imagem de uma pessoa t\u00e3o decisiva (Jesus) foi um desprop\u00f3sito da revista\u201d, disse o secret\u00e1rio, que destacou n\u00e3o crer que a popula\u00e7\u00e3o brasileira haja da mesma forma que alguns pa\u00edses isl\u00e2micos, como no caso recente do filme sobre o profeta Maom\u00e9. \u201cA popula\u00e7\u00e3o brasileira reage de modo diverso. A nossa cultura \u00e9 outra, mas certamente sentiremos mais por meio de sites, blogs e m\u00eddias sociais, a manifesta\u00e7\u00e3o contr\u00e1ria a capa da revista. N\u00f3s j\u00e1 recebemos manifesta\u00e7\u00f5es contr\u00e1rias, e claro, n\u00e3o se espera que essas manifesta\u00e7\u00f5es se estendam \u00e0s ruas como tem acontecido em outras culturas\u201d, sublinhou o secret\u00e1rio geral.<\/p>\n<p style=\"text-align: justify\"><img decoding=\"async\" loading=\"lazy\" class=\" alignright size-full wp-image-16417\" style=\"float: right\" alt=\"NotaCNBBneymar\" src=\"https:\/\/www.cnbb.org.br\/wp-content\/uploads\/2020\/03\/NotaCNBBneymar.jpg\" height=\"201\" width=\"300\" \/> Dom Leonardo Steiner discorda da afirma\u00e7\u00e3o do diretor da revista que j\u00e1 se pronunciou a respeito da capa negando que fa\u00e7a alus\u00e3o \u00e0 Jesus. Segundo o bispo, a imagem exposta na revista \u00e9 sim a figura expl\u00edcita de Jesus Cristo. \u201cN\u00f3s vemos ali os elementos fundamentais da figura de Jesus Cristo. \u00c9 vis\u00edvel isso na capa. At\u00e9 porque aparecem os elementos, como o resto da t\u00fanica de Jesus que envolve o corpo e o sinal do traspassamento da lan\u00e7a\u201d, disse.<\/p>\n<p style=\"text-align: justify\">Dom Leonardo afirmou tamb\u00e9m que revista quer calar o direito da torcida em se manifestar em rela\u00e7\u00e3o ao atleta santista, usando uma imagem de Jesus no calv\u00e1rio. \u201cUma capa neste estilo, neste teor \u00e9 uma agress\u00e3o \u00e0 liberdade da torcida. Est\u00e3o querendo calar a torcida, que tem direto a se manifestar, e, usar a Jesus Cristo crucificado para dizer que o jogador est\u00e1 sendo crucificado \u00e9 inibir a liberdade de express\u00e3o da torcida. O \u2018cai-cai\u2019, a que se refere a revista, foi um elemento que levou a cria\u00e7\u00e3o da fotomontagem\u201d.<\/p>\n<p style=\"text-align: justify\">Em rela\u00e7\u00e3o ao jogador, o secret\u00e1rio geral ressalta que n\u00e3o espera que haja manifesta\u00e7\u00f5es contr\u00e1rias por causa da revista. \u201cEspero que n\u00e3o aconte\u00e7a isso (manifesta\u00e7\u00f5es). O jogador merece todo o respeito. Ele tem a sua dignidade e espero que ele mantenha esta dignidade, este respeito da parte da torcida em rela\u00e7\u00e3o a ele\u201d.<\/p>\n","protected":false},"excerpt":{"rendered":"<p>Na tarde de hoje, 28 de setembro, o secret\u00e1rio geral da Confer\u00eancia Nacional dos Bispos do Brasil (CNBB), dom Leonardo Ulrich Steiner, concedeu uma entrevista, na sede da Confer\u00eancia, em Bras\u00edlia (DF), na qual repudiou a publica\u00e7\u00e3o de revista esportiva em que faz alus\u00e3o \u00e0 imagem de Jesus Cristo crucificado. Na fotomontagem da capa da &hellip;<\/p>\n<p class=\"read-more\"> <a class=\"\" href=\"https:\/\/www.cnbb.org.br\/o-uso-da-imagem-de-jesus-foi-inadequado-e-inapropriado-por-parte-da-revista-afirma-dom-leonardo\/\"> <span class=\"screen-reader-text\">\u201cO uso da imagem de Jesus foi inadequado e inapropriado por parte da revista\u201d, afirma dom Leonardo<\/span> Leia mais &raquo;<\/a><\/p>\n","protected":false},"author":83,"featured_media":19910,"comment_status":"open","ping_status":"open","sticky":false,"template":"","format":"standard","meta":{"site-sidebar-layout":"default","site-content-layout":"default","ast-global-header-display":"","ast-banner-title-visibility":"","ast-main-header-display":"","ast-hfb-above-header-display":"","ast-hfb-below-header-display":"","ast-hfb-mobile-header-display":"","site-post-title":"","ast-breadcrumbs-content":"","ast-featured-img":"","footer-sml-layout":"","theme-transparent-header-meta":"","adv-header-id-meta":"","stick-header-meta":"","header-above-stick-meta":"","header-main-stick-meta":"","header-below-stick-meta":""},"categories":[797],"tags":[],"acf":[],"_links":{"self":[{"href":"https:\/\/www.cnbb.org.br\/cnbb-app\/wp\/v2\/posts\/21240"}],"collection":[{"href":"https:\/\/www.cnbb.org.br\/cnbb-app\/wp\/v2\/posts"}],"about":[{"href":"https:\/\/www.cnbb.org.br\/cnbb-app\/wp\/v2\/types\/post"}],"author":[{"embeddable":true,"href":"https:\/\/www.cnbb.org.br\/cnbb-app\/wp\/v2\/users\/83"}],"replies":[{"embeddable":true,"href":"https:\/\/www.cnbb.org.br\/cnbb-app\/wp\/v2\/comments?post=21240"}],"version-history":[{"count":0,"href":"https:\/\/www.cnbb.org.br\/cnbb-app\/wp\/v2\/posts\/21240\/revisions"}],"wp:featuredmedia":[{"embeddable":true,"href":"https:\/\/www.cnbb.org.br\/cnbb-app\/wp\/v2\/media\/19910"}],"wp:attachment":[{"href":"https:\/\/www.cnbb.org.br\/cnbb-app\/wp\/v2\/media?parent=21240"}],"wp:term":[{"taxonomy":"category","embeddable":true,"href":"https:\/\/www.cnbb.org.br\/cnbb-app\/wp\/v2\/categories?post=21240"},{"taxonomy":"post_tag","embeddable":true,"href":"https:\/\/www.cnbb.org.br\/cnbb-app\/wp\/v2\/tags?post=21240"}],"curies":[{"name":"wp","href":"https:\/\/api.w.org\/{rel}","templated":true}]}}