{"id":21241,"date":"2012-09-28T00:00:00","date_gmt":"2012-09-28T03:00:00","guid":{"rendered":"https:\/\/www.cnbb.org.br\/em-entrevista-dom-leonardo-ulrich-steiner-fala-sobre-a-semana-nacional-da-vida\/"},"modified":"2012-09-28T00:00:00","modified_gmt":"2012-09-28T03:00:00","slug":"em-entrevista-dom-leonardo-ulrich-steiner-fala-sobre-a-semana-nacional-da-vida","status":"publish","type":"post","link":"https:\/\/www.cnbb.org.br\/em-entrevista-dom-leonardo-ulrich-steiner-fala-sobre-a-semana-nacional-da-vida\/","title":{"rendered":"Dom Leonardo Steiner trata da Semana Nacional da Vida"},"content":{"rendered":"<p style=\"text-align: justify\">A primeira semana do m\u00eas de outubro ser\u00e1 marcada por in\u00fameras discuss\u00f5es em defesa da vida. Institu\u00edda, em 2005, pela 43\u00aa Assembleia Geral da Confer\u00eancia Nacional dos Bispos do Brasil (CNBB), a Semana Nacional da Vida acontecer\u00e1 entre os dias 1\u00ba e 7 de outubro, e trabalhar\u00e1 o tema \u201cVida, sa\u00fade e dignidade: direito e responsabilidade de todos\u201d. A semana termina com o &#8220;Dia do Nascituro&#8221; comemorado no dia 8 de outubro para homenagear o novo ser humano, a crian\u00e7a que ainda vive dentro da barriga da m\u00e3e.<\/p>\n<p>  <!--more-->  <\/p>\n<p style=\"text-align: justify\">Em entrevista, o secret\u00e1rio-geral da CNBB, dom Leonardo Ulrich Steiner, aborda diversas quest\u00f5es ligadas \u00e0 Semana Nacional da Vida. Leia a \u00edntegra da entrevista:<\/p>\n<p style=\"text-align: justify\"><em><strong>&#8211; A Comiss\u00e3o Episcopal Pastoral para a Vida e a Fam\u00edlia lan\u00e7ou o subs\u00eddio \u201cHora da Vida\u201d. Como ele colabora com os temas de discuss\u00e3o da Semana Nacional da Vida?<\/strong><\/em><\/p>\n<p style=\"text-align: justify\">O subs\u00eddio \u201cHora da Vida\u201d \u00e9 composto por roteiros de encontros tem\u00e1ticos que podem ser organizados nas diferentes comunidades das nossas Igrejas particulares. H\u00e1 muitos temas indicados para serem abordados durante esta semana, e, em fun\u00e7\u00e3o da realidade local, outros podem ser acrescentados. Os temas contidos no subs\u00eddio s\u00e3o sugest\u00f5es de conte\u00fado a ser refletido, discutido, aprofundado e, tamb\u00e9m, concretizado em poss\u00edveis a\u00e7\u00f5es pastorais e sociais. De forma simples e deixando o espa\u00e7o para a criatividade, o subs\u00eddio aborda a quest\u00e3o da amea\u00e7a \u00e0 vida no seio materno, da sua manipula\u00e7\u00e3o em laborat\u00f3rio; prop\u00f5e uma reflex\u00e3o sobre as situa\u00e7\u00f5es de risco, como a viol\u00eancia no tr\u00e2nsito e a ingest\u00e3o de drogas; questiona-nos sobre o que \u00e9 de fato ter vida digna, vida plena; motiva-nos para o cuidado com a vida fr\u00e1gil, do seu in\u00edcio at\u00e9 o seu fim natural. Tudo como express\u00e3o do amor e do cuidado amoroso.<\/p>\n<p style=\"text-align: justify\"><em><strong>&#8211; Que tipos de discuss\u00f5es o tema \u201cVida, sa\u00fade e dignidade: direito e responsabilidade de todos\u201d trar\u00e1 para a Semana Nacional da Vida?<\/strong><\/em><\/p>\n<p style=\"text-align: justify\">O tema da sa\u00fade faz o v\u00ednculo com a Campanha da Fraternidade deste ano, cujo t\u00edtulo foi \u201cFraternidade e sa\u00fade p\u00fablica\u201d. Isso nos interpela a trabalhar para que todos os brasileiros possam ter acesso \u00e0 sa\u00fade, n\u00e3o s\u00f3 como um valor em si mesmo, mas porque manifesta a dignidade de vida de cada pessoa, em qualquer fase ou condi\u00e7\u00e3o social. Muito se fala hoje dos direitos de cada pessoa e, por vezes, esquece-se dos deveres de cada um. Quando se trata do respeito, da promo\u00e7\u00e3o e da defesa da vida, os direitos devem ser cobrados, mas os deveres tamb\u00e9m devem ser assumidos por todos.<\/p>\n<p style=\"text-align: justify\"><em><strong>&#8211; A Semana Nacional da Vida responde aos apelos das Diretrizes Gerais da A\u00e7\u00e3o Evangelizadoras da Igreja no Brasil (DGAE)?<\/strong><\/em><\/p>\n<p style=\"text-align: justify\">Uma das cinco urg\u00eancias da a\u00e7\u00e3o evangelizadora no Brasil, tra\u00e7adas pelos bispos do Brasil para 2011-2015, \u00e9 a \u201cIgreja ao servi\u00e7o da vida plena para todos\u201d.\u00a0 A Semana Nacional da Vida retoma v\u00e1rias situa\u00e7\u00f5es de amea\u00e7a \u00e0 vida, que s\u00e3o descritas nesta quinta urg\u00eancia e que j\u00e1 foram apontadas acima, e se insere nesta vasta miss\u00e3o da Igreja que tamb\u00e9m se desdobra no campo da promo\u00e7\u00e3o da vida humana, sobretudo das mais fr\u00e1geis e indefesas e outras.<\/p>\n<p style=\"text-align: justify\"><em><strong>&#8211; Sobre a urg\u00eancia nas quest\u00f5es de promo\u00e7\u00e3o da vida (quinta urg\u00eancia), que a\u00e7\u00f5es efetivas poder\u00e3o ser tomadas a partir da Semana Nacional da Vida?<\/strong><\/em><\/p>\n<p style=\"text-align: justify\">\u201cA partir de Jesus Cristo e na for\u00e7a do Esp\u00edrito Santo\u201d, como afirma o objetivo geral da a\u00e7\u00e3o evangelizadora no Brasil, o disc\u00edpulo-mission\u00e1rio ter\u00e1 condi\u00e7\u00f5es de identificar as situa\u00e7\u00f5es que denigrem a vida, quer seja em \u00e2mbito local quer em \u00e2mbito nacional, para assim agir em consequ\u00eancia. A Igreja muito tem feito e muito realiza para promover a vida. Basta pensarmos nas in\u00fameras iniciativas que surgem das a\u00e7\u00f5es pastorais em favor da fam\u00edlia, da crian\u00e7a, do adolescente, da AIDS, da sobriedade, do idoso, da sa\u00fade, do povo de rua, da terra, da moradia etc. A Semana Nacional da Vida pode, por um lado, contribuir para fomentar uma boa forma\u00e7\u00e3o intraeclesial dos leigos e pastores, a fim de se formular um ju\u00edzo moral adequado sobre as propostas da ci\u00eancia e sua aplica\u00e7\u00e3o; e, por outro, estimular uma maior participa\u00e7\u00e3o social, incentivando os leigos a se fazerem presentes nos diversos conselhos de participa\u00e7\u00e3o popular (conselho municipal da sa\u00fade, da mulher, da educa\u00e7\u00e3o, por exemplo) ou a se comprometerem atrav\u00e9s da pr\u00f3pria profiss\u00e3o para uma maior distribui\u00e7\u00e3o dos recursos humanos e materiais para a sa\u00fade e um cuidado materno pela vida em nosso pa\u00eds.<\/p>\n<p style=\"text-align: justify\"><em><strong>&#8211; Quais os principais aspectos sobre a reforma do C\u00f3digo Penal que ser\u00e3o tratados durante a Semana Nacional da Vida? E qual a import\u00e2ncia de se trazer essa discuss\u00e3o \u00e0 tona?<\/strong><\/em><\/p>\n<p style=\"text-align: justify\">No Anteprojeto de reforma do C\u00f3digo Penal brasileiro, h\u00e1 muitos pontos que merecem ser amplamente debatidos e outros que devem ser simplesmente exclu\u00eddos, haja vista o seu teor extremamente pol\u00eamico e contr\u00e1rio a princ\u00edpios \u00e9ticos. A Semana Nacional da Vida e o Dia do Nascituro s\u00e3o ocasi\u00e3o para que toda a Igreja continue afirmando sua posi\u00e7\u00e3o favor\u00e1vel \u00e0 vida desde o seio materno at\u00e9 o seu fim natural, bem como a dignidade da mulher e a prote\u00e7\u00e3o das crian\u00e7as etc. Isso pode suscitar uma reflex\u00e3o necess\u00e1ria por parte da sociedade e por parte dos senadores e senadoras respons\u00e1veis em avaliar e aprovar o anteprojeto no Senado Federal.<\/p>\n<p style=\"text-align: justify\"><em><strong>&#8211; Que mensagem deixaria para as comunidades cat\u00f3licas?<\/strong><\/em><\/p>\n<p style=\"text-align: justify\">A fam\u00edlia \u00e9 uma b\u00ean\u00e7\u00e3o, pois \u00e9 o lugar onde cada um, cada uma de n\u00f3s veio \u00e0 luz e onde iniciamos os primeiros e mais profundos la\u00e7os de nossa exist\u00eancia. Na fam\u00edlia come\u00e7amos o caminho da f\u00e9 que nos possibilita participarmos de uma Comunidade-igreja, e nos leva ao encontro dos irm\u00e3os e irm\u00e3s; \u00c9 o Evangelho que nos abre o caminho para nos abrirmos \u00e0 gra\u00e7a de Jesus em todos os momentos de nossa vida. A Semana Nacional da Vida nos leve \u00e0 admira\u00e7\u00e3o e ao cuidado pela vida! Ela nos ajude a criarmos grupos de fam\u00edlias que assumam a grande voca\u00e7\u00e3o de ser promotores da vida.<\/p>\n","protected":false},"excerpt":{"rendered":"<p>A primeira semana do m\u00eas de outubro ser\u00e1 marcada por in\u00fameras discuss\u00f5es em defesa da vida. Institu\u00edda, em 2005, pela 43\u00aa Assembleia Geral da Confer\u00eancia Nacional dos Bispos do Brasil (CNBB), a Semana Nacional da Vida acontecer\u00e1 entre os dias 1\u00ba e 7 de outubro, e trabalhar\u00e1 o tema \u201cVida, sa\u00fade e dignidade: direito e &hellip;<\/p>\n<p class=\"read-more\"> <a class=\"\" href=\"https:\/\/www.cnbb.org.br\/em-entrevista-dom-leonardo-ulrich-steiner-fala-sobre-a-semana-nacional-da-vida\/\"> <span class=\"screen-reader-text\">Dom Leonardo Steiner trata da Semana Nacional da Vida<\/span> Leia mais &raquo;<\/a><\/p>\n","protected":false},"author":83,"featured_media":21242,"comment_status":"open","ping_status":"open","sticky":false,"template":"","format":"standard","meta":{"site-sidebar-layout":"default","site-content-layout":"default","ast-global-header-display":"","ast-banner-title-visibility":"","ast-main-header-display":"","ast-hfb-above-header-display":"","ast-hfb-below-header-display":"","ast-hfb-mobile-header-display":"","site-post-title":"","ast-breadcrumbs-content":"","ast-featured-img":"","footer-sml-layout":"","theme-transparent-header-meta":"","adv-header-id-meta":"","stick-header-meta":"","header-above-stick-meta":"","header-main-stick-meta":"","header-below-stick-meta":""},"categories":[797],"tags":[],"acf":[],"_links":{"self":[{"href":"https:\/\/www.cnbb.org.br\/cnbb-app\/wp\/v2\/posts\/21241"}],"collection":[{"href":"https:\/\/www.cnbb.org.br\/cnbb-app\/wp\/v2\/posts"}],"about":[{"href":"https:\/\/www.cnbb.org.br\/cnbb-app\/wp\/v2\/types\/post"}],"author":[{"embeddable":true,"href":"https:\/\/www.cnbb.org.br\/cnbb-app\/wp\/v2\/users\/83"}],"replies":[{"embeddable":true,"href":"https:\/\/www.cnbb.org.br\/cnbb-app\/wp\/v2\/comments?post=21241"}],"version-history":[{"count":0,"href":"https:\/\/www.cnbb.org.br\/cnbb-app\/wp\/v2\/posts\/21241\/revisions"}],"wp:featuredmedia":[{"embeddable":true,"href":"https:\/\/www.cnbb.org.br\/cnbb-app\/wp\/v2\/media\/21242"}],"wp:attachment":[{"href":"https:\/\/www.cnbb.org.br\/cnbb-app\/wp\/v2\/media?parent=21241"}],"wp:term":[{"taxonomy":"category","embeddable":true,"href":"https:\/\/www.cnbb.org.br\/cnbb-app\/wp\/v2\/categories?post=21241"},{"taxonomy":"post_tag","embeddable":true,"href":"https:\/\/www.cnbb.org.br\/cnbb-app\/wp\/v2\/tags?post=21241"}],"curies":[{"name":"wp","href":"https:\/\/api.w.org\/{rel}","templated":true}]}}